{"id":1006,"date":"2013-12-18T22:57:25","date_gmt":"2013-12-18T22:57:25","guid":{"rendered":"http:\/\/www.ecuadoraldia.com.ec\/?p=1006"},"modified":"2013-12-18T22:57:25","modified_gmt":"2013-12-18T22:57:25","slug":"hasta-febrero-tienen-plazo-las-universidades-en-categoria-d-para-que-entreguen-plan-de-mejoras","status":"publish","type":"post","link":"https:\/\/www.ecuadoraldia.com.ec\/?p=1006","title":{"rendered":"Hasta febrero tienen  plazo las universidades en categoria D para que entreguen plan de mejoras"},"content":{"rendered":"<p><a href=\"http:\/\/www.ecuadoraldia.com.ec\/wp-content\/uploads\/2013\/12\/ces.jpg\"><img loading=\"lazy\" decoding=\"async\" class=\"alignleft size-medium wp-image-1007\" alt=\"ces\" src=\"http:\/\/www.ecuadoraldia.com.ec\/wp-content\/uploads\/2013\/12\/ces-300x178.jpg\" width=\"300\" height=\"178\" srcset=\"https:\/\/www.ecuadoraldia.com.ec\/wp-content\/uploads\/2013\/12\/ces-300x178.jpg 300w, https:\/\/www.ecuadoraldia.com.ec\/wp-content\/uploads\/2013\/12\/ces.jpg 450w\" sizes=\"(max-width: 300px) 100vw, 300px\" \/><\/a>Francisco Cadena, presidente del Consejo de Evaluaci\u00f3n, Acreditaci\u00f3n y Aseguramiento de la Calidad de la Educaci\u00f3n Superior (Ceaaces) acudi\u00f3 este mi\u00e9rcoles a la Asamblea Nacional. En la Comisi\u00f3n de Educaci\u00f3n, presidida por la asamble\u00edsta Ximena Ponce, manifest\u00f3 que tiene previsto reunirse con los rectores de las seis universidades de categor\u00eda D, para llegar a un acuerdo sobre la entrega del Plan de mejoras, como parte del proceso de acreditaci\u00f3n. En esta situaci\u00f3n se encuentran las universidades Agraria del Ecuador, de Guayaquil, Estatal del Sur de Manab\u00ed, Laica Eloy Alfaro de Manab\u00ed, T\u00e9cnica de Machala y T\u00e9cnica Luis Vargas Torres de Esmeraldas.<\/p>\n<p>Cadena manifest\u00f3 que estos centros de estudios , una vez notificados con la resoluci\u00f3n, tuvieron 30 d\u00edas (desde el 25 de noviembre) para presentar el plan. El plazo vence este 25 de diciembre, sin embargo, se\u00f1al\u00f3 que los rectores solicitaron una pr\u00f3rroga, ya que enfatizaron que es muy dif\u00edcil entregar la documentaci\u00f3n en diciembre.<\/p>\n<p>El Ceaaces extender\u00eda el plazo hasta febrero para que los centros educativos entreguen el plan de recuperaci\u00f3n, que garantice su acreditaci\u00f3n final.<\/p>\n<p>En la Asamblea, Cadena enfatiz\u00f3 que la evaluaci\u00f3n fue solamente institucional y que, a partir, del pr\u00f3ximo a\u00f1o se realizar\u00e1 un an\u00e1lisis de las carreras que ofrecen los centros educativos. De esta manera, las especializacionesde Educaci\u00f3n, Salud y Derecho ser\u00edan las primeras en ingresar en el sistema de evaluaci\u00f3n. Asegur\u00f3 que se analizar\u00e1 la malla curricular y el aprendizaje de los estudiantes. Para esto \u00faltimo, se tomar\u00e1 ex\u00e1menes a los estudiantes, \u201cs\u00ed el resultado de las pruebas es menor al 30%, los estudiantes repiten el a\u00f1o y la carrera se suprime de dicho centro de estudios\u201d, advirti\u00f3.<\/p>\n<p>Cadena anunci\u00f3 que desde agosto se entreg\u00f3 ya a las universidades un borrador de las cl\u00e1usulas que tomar\u00e1n en cuenta para la evaluaci\u00f3n de las carreras, \u201ccon el objetivo de que tengan tiempo de revisar en qu\u00e9 est\u00e1n fallando\u201d.<\/p>\n<p>Sobre las apelaciones en la categorizaci\u00f3n institucional, el presidente del Ceaaces manifest\u00f3 que hasta el momento recibieron 10 impugnaciones de las universidades. Record\u00f3 que la entidad tiene hasta 60 d\u00edas para pronunciarse en cada uno de los casos y espera notificar hasta en 15 d\u00edas a la Universidad Central sobre la impugnaci\u00f3n, que presentaron por encontrarse en la categor\u00eda B.<\/p>\n<p>Ximena Ponce, presidenta de la Comisi\u00f3n de Educaci\u00f3n, afirm\u00f3 que se reunir\u00e1n con los rectores de las universidades, entre ellos de la Universidad de Guayaquil, para conocer como se aplicar\u00e1 el plan de mejores, pero, sobretodo, saber c\u00f3mo aplican el presupuesto, \u00abnecesitamos eficiencia, una gesti\u00f3n administrativa de calidad\u00bb, dijo.(El tel\u00e9grafoEcuadoraldia.com.ec)<\/p>\n","protected":false},"excerpt":{"rendered":"<p>Francisco Cadena, presidente del Consejo de Evaluaci\u00f3n, Acreditaci\u00f3n y Aseguramiento de la Calidad de la Educaci\u00f3n Superior (Ceaaces) acudi\u00f3 este<\/p>\n","protected":false},"author":1,"featured_media":0,"comment_status":"open","ping_status":"open","sticky":false,"template":"","format":"standard","meta":{"footnotes":""},"categories":[4,1],"tags":[],"_links":{"self":[{"href":"https:\/\/www.ecuadoraldia.com.ec\/index.php?rest_route=\/wp\/v2\/posts\/1006"}],"collection":[{"href":"https:\/\/www.ecuadoraldia.com.ec\/index.php?rest_route=\/wp\/v2\/posts"}],"about":[{"href":"https:\/\/www.ecuadoraldia.com.ec\/index.php?rest_route=\/wp\/v2\/types\/post"}],"author":[{"embeddable":true,"href":"https:\/\/www.ecuadoraldia.com.ec\/index.php?rest_route=\/wp\/v2\/users\/1"}],"replies":[{"embeddable":true,"href":"https:\/\/www.ecuadoraldia.com.ec\/index.php?rest_route=%2Fwp%2Fv2%2Fcomments&post=1006"}],"version-history":[{"count":2,"href":"https:\/\/www.ecuadoraldia.com.ec\/index.php?rest_route=\/wp\/v2\/posts\/1006\/revisions"}],"predecessor-version":[{"id":1009,"href":"https:\/\/www.ecuadoraldia.com.ec\/index.php?rest_route=\/wp\/v2\/posts\/1006\/revisions\/1009"}],"wp:attachment":[{"href":"https:\/\/www.ecuadoraldia.com.ec\/index.php?rest_route=%2Fwp%2Fv2%2Fmedia&parent=1006"}],"wp:term":[{"taxonomy":"category","embeddable":true,"href":"https:\/\/www.ecuadoraldia.com.ec\/index.php?rest_route=%2Fwp%2Fv2%2Fcategories&post=1006"},{"taxonomy":"post_tag","embeddable":true,"href":"https:\/\/www.ecuadoraldia.com.ec\/index.php?rest_route=%2Fwp%2Fv2%2Ftags&post=1006"}],"curies":[{"name":"wp","href":"https:\/\/api.w.org\/{rel}","templated":true}]}}