{"id":1010,"date":"2013-12-18T23:00:11","date_gmt":"2013-12-18T23:00:11","guid":{"rendered":"http:\/\/www.ecuadoraldia.com.ec\/?p=1010"},"modified":"2013-12-18T23:00:11","modified_gmt":"2013-12-18T23:00:11","slug":"paraguay-aprueba-de-forma-definitiva-la-entrada-de-venezuela-al-mercosur","status":"publish","type":"post","link":"https:\/\/www.ecuadoraldia.com.ec\/?p=1010","title":{"rendered":"Paraguay aprueba de forma definitiva la entrada de Venezuela al Mercosur"},"content":{"rendered":"<p><a href=\"http:\/\/www.ecuadoraldia.com.ec\/wp-content\/uploads\/2013\/12\/venezuela.jpg\"><img loading=\"lazy\" decoding=\"async\" class=\"alignleft size-medium wp-image-1011\" alt=\"venezuela\" src=\"http:\/\/www.ecuadoraldia.com.ec\/wp-content\/uploads\/2013\/12\/venezuela-300x190.jpg\" width=\"300\" height=\"190\" srcset=\"https:\/\/www.ecuadoraldia.com.ec\/wp-content\/uploads\/2013\/12\/venezuela-300x190.jpg 300w, https:\/\/www.ecuadoraldia.com.ec\/wp-content\/uploads\/2013\/12\/venezuela.jpg 450w\" sizes=\"(max-width: 300px) 100vw, 300px\" \/><\/a>La C\u00e1mara de Diputados de Paraguay aprob\u00f3 este mi\u00e9rcoles el protocolo de adhesi\u00f3n de Venezuela al Mercosur, proyecto que ya sancion\u00f3 el Senado la semana pasada y que busca normalizar la relaci\u00f3n institucional en el bloque.<\/p>\n<p>El protocolo fue aprobado con 46 votos a favor, con el apoyo mayoritario del Partido Colorado, del presidente Horacio Cartes, y uno en contra, mientras que el resto de diputados se ausentaron. Los legisladores del Partido Liberal, la principal agrupaci\u00f3n de oposici\u00f3n, salieron de la sala antes de la votaci\u00f3n.<\/p>\n<p>La C\u00e1mara tambi\u00e9n aprob\u00f3 por unanimidad retirar la declaraci\u00f3n de \u00abpersona non grata\u00bb contra el mandatario venezolano, Nicol\u00e1s Maduro, por una supuesta intromisi\u00f3n durante la crisis pol\u00edtica por la destituci\u00f3n del presidente Fernando Lugo en 2012.<\/p>\n<p>La declaraci\u00f3n rechazaba y condenaba \u00ablas expresiones\u00bb que el entonces canciller Maduro hizo el 21 de junio de 2012, cuando el Parlamento paraguayo someti\u00f3 a juicio a Lugo y lo destituy\u00f3 del cargo por \u00abmal desempe\u00f1o\u00bb de sus funciones (EFE)<\/p>\n<p>&nbsp;<\/p>\n","protected":false},"excerpt":{"rendered":"<p>La C\u00e1mara de Diputados de Paraguay aprob\u00f3 este mi\u00e9rcoles el protocolo de adhesi\u00f3n de Venezuela al Mercosur, proyecto que ya<\/p>\n","protected":false},"author":1,"featured_media":0,"comment_status":"open","ping_status":"open","sticky":false,"template":"","format":"standard","meta":{"footnotes":""},"categories":[7],"tags":[],"_links":{"self":[{"href":"https:\/\/www.ecuadoraldia.com.ec\/index.php?rest_route=\/wp\/v2\/posts\/1010"}],"collection":[{"href":"https:\/\/www.ecuadoraldia.com.ec\/index.php?rest_route=\/wp\/v2\/posts"}],"about":[{"href":"https:\/\/www.ecuadoraldia.com.ec\/index.php?rest_route=\/wp\/v2\/types\/post"}],"author":[{"embeddable":true,"href":"https:\/\/www.ecuadoraldia.com.ec\/index.php?rest_route=\/wp\/v2\/users\/1"}],"replies":[{"embeddable":true,"href":"https:\/\/www.ecuadoraldia.com.ec\/index.php?rest_route=%2Fwp%2Fv2%2Fcomments&post=1010"}],"version-history":[{"count":1,"href":"https:\/\/www.ecuadoraldia.com.ec\/index.php?rest_route=\/wp\/v2\/posts\/1010\/revisions"}],"predecessor-version":[{"id":1012,"href":"https:\/\/www.ecuadoraldia.com.ec\/index.php?rest_route=\/wp\/v2\/posts\/1010\/revisions\/1012"}],"wp:attachment":[{"href":"https:\/\/www.ecuadoraldia.com.ec\/index.php?rest_route=%2Fwp%2Fv2%2Fmedia&parent=1010"}],"wp:term":[{"taxonomy":"category","embeddable":true,"href":"https:\/\/www.ecuadoraldia.com.ec\/index.php?rest_route=%2Fwp%2Fv2%2Fcategories&post=1010"},{"taxonomy":"post_tag","embeddable":true,"href":"https:\/\/www.ecuadoraldia.com.ec\/index.php?rest_route=%2Fwp%2Fv2%2Ftags&post=1010"}],"curies":[{"name":"wp","href":"https:\/\/api.w.org\/{rel}","templated":true}]}}