{"id":10103,"date":"2015-08-08T21:48:24","date_gmt":"2015-08-08T21:48:24","guid":{"rendered":"http:\/\/www.ecuadoraldia.com.ec\/?p=10103"},"modified":"2015-08-08T21:48:24","modified_gmt":"2015-08-08T21:48:24","slug":"ecuador-correa-pide-ayuda-para-rechazar-con-firmeza-la-huelga-opositora-del-proximo-jueves","status":"publish","type":"post","link":"https:\/\/www.ecuadoraldia.com.ec\/?p=10103","title":{"rendered":"Ecuador: Correa pide ayuda para &#8216;rechazar con firmeza&#8217; la huelga opositora del pr\u00f3ximo jueves"},"content":{"rendered":"<p><a href=\"http:\/\/www.ecuadoraldia.com.ec\/wp-content\/uploads\/2015\/08\/rafa.jpg\"><img loading=\"lazy\" decoding=\"async\" class=\"alignleft size-medium wp-image-10104\" src=\"http:\/\/www.ecuadoraldia.com.ec\/wp-content\/uploads\/2015\/08\/rafa-300x240.jpg\" alt=\"rafa\" width=\"300\" height=\"240\" srcset=\"https:\/\/www.ecuadoraldia.com.ec\/wp-content\/uploads\/2015\/08\/rafa-300x240.jpg 300w, https:\/\/www.ecuadoraldia.com.ec\/wp-content\/uploads\/2015\/08\/rafa.jpg 302w\" sizes=\"(max-width: 300px) 100vw, 300px\" \/><\/a>El presidente llam\u00f3 a sus seguidores a repudiar el paro convocado por sindicatos e ind\u00edgenas. \u00abHay gente que nos quiere regresar al pasado. Eso no lo detendr\u00e1 el gobierno, eso lo van a detener ustedes, ciudadanos\u00bb, afirm\u00f3<br \/>\nEl mandatario Rafael Correa pidi\u00f3 este s\u00e1bado el apoyo de los ecuatorianos frente a la huelga opositora del pr\u00f3ximo jueves, que fue convocada por sindicatos e ind\u00edgenas que marchan desde el sur del pa\u00eds.<\/p>\n<p>\u00abHay gente que nos quiere regresar al pasado con sus levantamientos, marchas, paros. Eso no lo va a detener el gobierno, eso lo van a detener ustedes, ciudadanos\u00bb, dijo Correa durante su programa semanal de radio y TV.<\/p>\n<p>Correa, en el poder desde 2007, agreg\u00f3 que la protesta supone una \u00abgran prueba\u00bb para Ecuador ante el llamado de los opositores a paralizar el pa\u00eds en rechazo a las pol\u00edticas y estilo de gobierno, que tildan de autoritario.<\/p>\n<p>\u00abEs leg\u00edtimo manifestarse en democracia, pero es ileg\u00edtimo manifestarse en funci\u00f3n de mentiras y es recontraileg\u00edtimo e ilegal parar actividades, atentar contra el derecho de los dem\u00e1s, impedir que la gente se movilice, da\u00f1ar propiedad p\u00fablica, cerrar carreteras\u00bb, sostuvo.<\/p>\n<p>En ese sentido, el jefe de Estado admiti\u00f3 que \u00abeso no lo va a poder evitar el gobierno\u00bb e inst\u00f3 a los ecuatorianos a rechazar, \u00aben paz pero con firmeza\u00bb, las manifestaciones previstas.<\/p>\n<p>Correa, en el poder desde 2007, agreg\u00f3 que la protesta supone una \u00abgran prueba\u00bb para Ecuador ante el llamado de los opositores a paralizar el pa\u00eds en rechazo a las pol\u00edticas y estilo de gobierno, que tildan de autoritario.<\/p>\n<p>Desde hace dos meses, Correa enfrenta un movimiento irregular de protesta contra sus pol\u00edticas de corte socialista con las que, seg\u00fan \u00e9l, pretende un pa\u00eds m\u00e1s justo y equitativo mediante la elevaci\u00f3n de impuestos a las herencias y a la plusval\u00eda.<\/p>\n<p>Sin embargo, sectores empresariales y de clase alta y media consideran que Correa quiere castigar el patrimonio familiar y el \u00e9xito econ\u00f3mico, y han conseguido convertir la protesta en una cr\u00edtica generalizada al gobierno.<\/p>\n<p>En ese marco, sindicatos y grupos sociales programaron un paro para este jueves al que se plegar\u00e1n organizaciones ind\u00edgenas que marchan desde hace una semana desde el sur del pa\u00eds.<\/p>\n<p>Correa, quien reivindica una alta popularidad en amplios sectores, ha relacionado el movimiento de protesta con una conspiraci\u00f3n en marcha para sacarlo del poder antes de las elecciones de 2017, cuando el presidente podr\u00eda aspirar a un nuevo mandato tras la casi segura aprobaci\u00f3n de una enmienda constitucional que tramita el Congreso de mayor\u00eda oficialista.<\/p>\n<p>Los ind\u00edgenas que est\u00e1n en camino a Quito exigen justamente el archivo de esa reforma constitucional y de otras iniciativas o leyes sobre el manejo del agua y de la tierra, que en la pr\u00e1ctica les quita influencia en la administraci\u00f3n de esos recursos en sus territorios.(AFP)<\/p>\n","protected":false},"excerpt":{"rendered":"<p>El presidente llam\u00f3 a sus seguidores a repudiar el paro convocado por sindicatos e ind\u00edgenas. \u00abHay gente que nos quiere<\/p>\n","protected":false},"author":1,"featured_media":0,"comment_status":"open","ping_status":"open","sticky":false,"template":"","format":"standard","meta":{"footnotes":""},"categories":[3],"tags":[],"_links":{"self":[{"href":"https:\/\/www.ecuadoraldia.com.ec\/index.php?rest_route=\/wp\/v2\/posts\/10103"}],"collection":[{"href":"https:\/\/www.ecuadoraldia.com.ec\/index.php?rest_route=\/wp\/v2\/posts"}],"about":[{"href":"https:\/\/www.ecuadoraldia.com.ec\/index.php?rest_route=\/wp\/v2\/types\/post"}],"author":[{"embeddable":true,"href":"https:\/\/www.ecuadoraldia.com.ec\/index.php?rest_route=\/wp\/v2\/users\/1"}],"replies":[{"embeddable":true,"href":"https:\/\/www.ecuadoraldia.com.ec\/index.php?rest_route=%2Fwp%2Fv2%2Fcomments&post=10103"}],"version-history":[{"count":1,"href":"https:\/\/www.ecuadoraldia.com.ec\/index.php?rest_route=\/wp\/v2\/posts\/10103\/revisions"}],"predecessor-version":[{"id":10105,"href":"https:\/\/www.ecuadoraldia.com.ec\/index.php?rest_route=\/wp\/v2\/posts\/10103\/revisions\/10105"}],"wp:attachment":[{"href":"https:\/\/www.ecuadoraldia.com.ec\/index.php?rest_route=%2Fwp%2Fv2%2Fmedia&parent=10103"}],"wp:term":[{"taxonomy":"category","embeddable":true,"href":"https:\/\/www.ecuadoraldia.com.ec\/index.php?rest_route=%2Fwp%2Fv2%2Fcategories&post=10103"},{"taxonomy":"post_tag","embeddable":true,"href":"https:\/\/www.ecuadoraldia.com.ec\/index.php?rest_route=%2Fwp%2Fv2%2Ftags&post=10103"}],"curies":[{"name":"wp","href":"https:\/\/api.w.org\/{rel}","templated":true}]}}