{"id":10106,"date":"2015-08-08T21:49:54","date_gmt":"2015-08-08T21:49:54","guid":{"rendered":"http:\/\/www.ecuadoraldia.com.ec\/?p=10106"},"modified":"2015-08-08T21:49:54","modified_gmt":"2015-08-08T21:49:54","slug":"refineria-de-esmeraldas-operara-toda-su-capacidad-en-noviembre-de-2015","status":"publish","type":"post","link":"https:\/\/www.ecuadoraldia.com.ec\/?p=10106","title":{"rendered":"Refiner\u00eda de Esmeraldas operar\u00e1 toda su capacidad en noviembre de 2015"},"content":{"rendered":"<figure id=\"attachment_10107\" aria-describedby=\"caption-attachment-10107\" style=\"width: 300px\" class=\"wp-caption alignleft\"><a href=\"http:\/\/www.ecuadoraldia.com.ec\/wp-content\/uploads\/2015\/08\/refineria-de-esmeraldas-reanuda-sus-operaciones-.jpg\"><img loading=\"lazy\" decoding=\"async\" class=\"size-medium wp-image-10107\" src=\"http:\/\/www.ecuadoraldia.com.ec\/wp-content\/uploads\/2015\/08\/refineria-de-esmeraldas-reanuda-sus-operaciones--300x205.jpg\" alt=\"Con una inversi\u00f3n de $1.200 millones la refiner\u00eda de Esmeraldas fue rehabilitada y tiene un avance del 92%.\" width=\"300\" height=\"205\" srcset=\"https:\/\/www.ecuadoraldia.com.ec\/wp-content\/uploads\/2015\/08\/refineria-de-esmeraldas-reanuda-sus-operaciones--300x205.jpg 300w, https:\/\/www.ecuadoraldia.com.ec\/wp-content\/uploads\/2015\/08\/refineria-de-esmeraldas-reanuda-sus-operaciones-.jpg 404w\" sizes=\"(max-width: 300px) 100vw, 300px\" \/><\/a><figcaption id=\"caption-attachment-10107\" class=\"wp-caption-text\">Con una inversi\u00f3n de $1.200 millones la refiner\u00eda de Esmeraldas fue rehabilitada y tiene un avance del 92%.<\/figcaption><\/figure>\n<p style=\"text-align: justify;\">El gerente general de Petroecuador, Carlos Pareja Yannuzelli, lo corrobor\u00f3 con im\u00e1genes sobre la forma en que operaba y la labor que hoy desarrolla gracias a la reconstrucci\u00f3n de la obra donde 5 mil obreros participan.<\/p>\n<p style=\"text-align: justify;\">Esto lo detall\u00f3 durante el Enlace n\u00famero 436, emitido desde Naranjito en la provincia del Guayas.<\/p>\n<p style=\"text-align: justify;\">El funcionario describi\u00f3 el estado en que se encontraba la refiner\u00eda \u00abA estas alturas si no se hubiese rehabilitado, no tendr\u00edamos refiner\u00eda. Hubiera costado al menos 3 veces m\u00e1s\u00bb, resalt\u00f3.<\/p>\n<p style=\"text-align: justify;\">Indic\u00f3 que el personal cont\u00f3 con capacitaci\u00f3n de especialistas para levantar la obra, pues los peligros que tuvieron que enfrentar durante estos a\u00f1os se debi\u00f3 a factores de inseguridad, por el deplorable estado de la estructura.<\/p>\n<p style=\"text-align: justify;\">\u00abLas im\u00e1genes son sorprendentes, una cosa es montar una infraestructura en fr\u00edo y otra cosa es trabajar con la mitad de la planta en operaci\u00f3n, eso lo hace una labor de riesgo, teniendo almacenamiento de alto otano, con presi\u00f3n y temperatura, compresores, es un trabajo peligrosos\u00bb, explic\u00f3.<\/p>\n<p style=\"text-align: justify;\">Reconoci\u00f3 que en inicio el lugar era un almacenamiento de desechos t\u00f3xicos, con inseguros andamios, tapas abiertas y bombas en malas condiciones.<\/p>\n<p style=\"text-align: justify;\">Pareja destac\u00f3 la forma en que realizaron el montaje de reactor. Tuvieron que utilizar una gr\u00faa de 1.600 toneladas para cargarla y se hizo una reingenier\u00eda de suelo, de puentes y de las v\u00edas hacia la refiner\u00eda para evitar el da\u00f1ado de la infraestructura.<\/p>\n<p style=\"text-align: justify;\">Destac\u00f3 la seguridad con la que ya cuenta el personal obrero con la construcci\u00f3n del nuevo helipuerto que servir\u00e1 para evacuaciones de emergencia.<\/p>\n<p style=\"text-align: justify;\">Datos importantes<\/p>\n<p style=\"text-align: justify;\">&#8211; La rehabilitaci\u00f3n permitir\u00e1 disminuir anualmente las importaciones: 17% menos en gasolinas, 15% en di\u00e9sel y 10% en GLP<\/p>\n<p style=\"text-align: justify;\">&#8211; Tendr\u00e1 una producci\u00f3n de 110 mil barriles de petr\u00f3leo diarios frente a los 85 mil que procesaba<\/p>\n<p style=\"text-align: justify;\">&#8211; Ingreso anual adicional de $ 305 millones<\/p>\n<p style=\"text-align: justify;\">&#8211; Los 25 mil barriles diarios en derivados comprende: 250 toneladas de GLP (volumen equivalente al 9% de todo lo que consume el pa\u00eds).<\/p>\n<p style=\"text-align: justify;\">&#8211; 3 mil BPD* de nafta en mezcla de gasolinas<\/p>\n<p style=\"text-align: justify;\">&#8211; 6 mil BPD de di\u00e9sel<\/p>\n<p style=\"text-align: justify;\">&#8211; 14 mil barriles de Fuel Oil (Eltel\u00e9grafo)<\/p>\n","protected":false},"excerpt":{"rendered":"<p>El gerente general de Petroecuador, Carlos Pareja Yannuzelli, lo corrobor\u00f3 con im\u00e1genes sobre la forma en que operaba y la<\/p>\n","protected":false},"author":1,"featured_media":0,"comment_status":"open","ping_status":"open","sticky":false,"template":"","format":"standard","meta":{"footnotes":""},"categories":[1],"tags":[],"_links":{"self":[{"href":"https:\/\/www.ecuadoraldia.com.ec\/index.php?rest_route=\/wp\/v2\/posts\/10106"}],"collection":[{"href":"https:\/\/www.ecuadoraldia.com.ec\/index.php?rest_route=\/wp\/v2\/posts"}],"about":[{"href":"https:\/\/www.ecuadoraldia.com.ec\/index.php?rest_route=\/wp\/v2\/types\/post"}],"author":[{"embeddable":true,"href":"https:\/\/www.ecuadoraldia.com.ec\/index.php?rest_route=\/wp\/v2\/users\/1"}],"replies":[{"embeddable":true,"href":"https:\/\/www.ecuadoraldia.com.ec\/index.php?rest_route=%2Fwp%2Fv2%2Fcomments&post=10106"}],"version-history":[{"count":1,"href":"https:\/\/www.ecuadoraldia.com.ec\/index.php?rest_route=\/wp\/v2\/posts\/10106\/revisions"}],"predecessor-version":[{"id":10108,"href":"https:\/\/www.ecuadoraldia.com.ec\/index.php?rest_route=\/wp\/v2\/posts\/10106\/revisions\/10108"}],"wp:attachment":[{"href":"https:\/\/www.ecuadoraldia.com.ec\/index.php?rest_route=%2Fwp%2Fv2%2Fmedia&parent=10106"}],"wp:term":[{"taxonomy":"category","embeddable":true,"href":"https:\/\/www.ecuadoraldia.com.ec\/index.php?rest_route=%2Fwp%2Fv2%2Fcategories&post=10106"},{"taxonomy":"post_tag","embeddable":true,"href":"https:\/\/www.ecuadoraldia.com.ec\/index.php?rest_route=%2Fwp%2Fv2%2Ftags&post=10106"}],"curies":[{"name":"wp","href":"https:\/\/api.w.org\/{rel}","templated":true}]}}