{"id":10109,"date":"2015-08-08T21:50:53","date_gmt":"2015-08-08T21:50:53","guid":{"rendered":"http:\/\/www.ecuadoraldia.com.ec\/?p=10109"},"modified":"2015-08-08T21:50:53","modified_gmt":"2015-08-08T21:50:53","slug":"marcha-indigena-avanza-por-la-sierra-centro","status":"publish","type":"post","link":"https:\/\/www.ecuadoraldia.com.ec\/?p=10109","title":{"rendered":"Marcha ind\u00edgena avanza por la Sierra centro"},"content":{"rendered":"<p style=\"text-align: justify;\"><a href=\"http:\/\/www.ecuadoraldia.com.ec\/wp-content\/uploads\/2015\/08\/i_ix-marcha-indigena-.jpg\"><img loading=\"lazy\" decoding=\"async\" class=\"alignleft size-medium wp-image-10110\" src=\"http:\/\/www.ecuadoraldia.com.ec\/wp-content\/uploads\/2015\/08\/i_ix-marcha-indigena--300x190.jpg\" alt=\"i_ix-marcha-indigena-\" width=\"300\" height=\"190\" srcset=\"https:\/\/www.ecuadoraldia.com.ec\/wp-content\/uploads\/2015\/08\/i_ix-marcha-indigena--300x190.jpg 300w, https:\/\/www.ecuadoraldia.com.ec\/wp-content\/uploads\/2015\/08\/i_ix-marcha-indigena-.jpg 386w\" sizes=\"(max-width: 300px) 100vw, 300px\" \/><\/a>A las 17:30 de ayer, la marcha de oposici\u00f3n que inici\u00f3 en la provincia de Zamora y recorri\u00f3 poblaciones de Ca\u00f1ar, arrib\u00f3 a la parroquia Lic\u00e1n. Los ind\u00edgenas llegaron en caravana vehicular y descendieron hacia el centro de la ciudad caminando.<\/p>\n<p style=\"text-align: justify;\">A las 19:00 llegaron hasta la plaza Eloy Alfaro ubicado en el centro de Riobamba, primero ingres\u00f3 una caravana de 10 veh\u00edculos, posterior a ello, los marchantes junto a sus dirigentes.<\/p>\n<p style=\"text-align: justify;\">A esta manifestaci\u00f3n se uni\u00f3 un grupo del Frente Unitario de Trabajadores de Chimborazo (FUT) y algunas autoridades electas del movimiento CREO, al descender gritaban y repet\u00edan la frase \u201cfuera Correa fuera\u201d.<\/p>\n<p style=\"text-align: justify;\">En este mismo sitio los marchistas se encontraron con m\u00e1s de mil personas que dicen defender el proyecto pol\u00edtico del Gobierno Nacional. \u201cVenimos desde las parroquias a decir basta, dejen que nuestro presidente haga lo que ellos en d\u00e9cadas no pudieron hacer\u201d, mencion\u00f3 Clara Llanga, habitante de San Andr\u00e9s cant\u00f3n Guano.<\/p>\n<p style=\"text-align: justify;\">Los simpatizantes los esperaron desde las 16:00, en medio de ferias ciudadanas y m\u00fasica, por seguridad, la polic\u00eda coloc\u00f3 vallas en el largo de la avenida para precautelar la integridad f\u00edsica de los dos grupos.<\/p>\n<p style=\"text-align: justify;\">Al pasar por el sitio las personas afines al Gobierno alzaron sus banderas verdes y gritaron consignas como; \u201cfuera golpistas\u201d, \u201cya tenemos presidente\u201d, \u201cRafael amigo, Chimborazo est\u00e1 contigo\u201d.<\/p>\n<p style=\"text-align: justify;\">Mientras que otro grupo levant\u00f3 en carteles fotograf\u00edas de la obras realizadas por el Gobierno en las zonas rurales como; centros de salud, CIBV y el apoyo a los emprendimientos, bajo estos retratos iban leyendas que dec\u00edan \u201c\u00bfpor esto marchas?\u201d.<\/p>\n<p style=\"text-align: justify;\">Mariano Curicama prefecto de Chimborazo se\u00f1al\u00f3 que se deber\u00eda declarar personas no gratas en la provincia a Jorge Herrera presidente la Confederaci\u00f3n de Nacionalidades Ind\u00edgenas (Conaie) y A Carlos P\u00e9rez presidente de la Ecuarunari.<\/p>\n<p style=\"text-align: justify;\">\u201cEst\u00e1n manipulando a nuestra gente, las verdaderas bases estamos trabajando, yo era un maestro para los levantamientos pero era porque luch\u00e1bamos contra la derecha, ahora ellos marchan con la derecha\u201d manifest\u00f3 Curicama.<\/p>\n<p style=\"text-align: justify;\">Los manifestantes bajaron por la calle 10 de agosto con rumbo a la casa Ind\u00edgena, sitio en el cual pernoctar\u00e1n para dirigirse este s\u00e1bado hasta la provincia de Tungurahua.<\/p>\n<p style=\"text-align: justify;\">Tungurahua<\/p>\n<p style=\"text-align: justify;\">Est\u00e1 previsto que los manifestantes arriben a Ambato hoy, a las 10:00. El punto de encuentro es en el redondel de Huachi Chico, al sur de la urbe, donde representantes e integrantes del Movimiento Ind\u00edgena de Tungurahua, MIT, recibir\u00e1n a sus compa\u00f1eros que vienen desde el sur, se unir\u00e1n a la marcha y proseguir\u00e1n hacia la capital.<\/p>\n<p style=\"text-align: justify;\">El MIT anunci\u00f3 que all\u00ed se dar\u00e1 cita una gran delegaci\u00f3n de sectores sociales inconformes con el r\u00e9gimen y sacerdotes anglicanos, quienes bendecir\u00e1n el paso de los ind\u00edgenas hacia Quito.<\/p>\n<p style=\"text-align: justify;\">Se espera que los manifestantes lleguen a Latacunga ma\u00f1ana en la ma\u00f1ana. (Eltel\u00e9grafo)<\/p>\n","protected":false},"excerpt":{"rendered":"<p>A las 17:30 de ayer, la marcha de oposici\u00f3n que inici\u00f3 en la provincia de Zamora y recorri\u00f3 poblaciones de<\/p>\n","protected":false},"author":1,"featured_media":0,"comment_status":"open","ping_status":"open","sticky":false,"template":"","format":"standard","meta":{"footnotes":""},"categories":[4],"tags":[],"_links":{"self":[{"href":"https:\/\/www.ecuadoraldia.com.ec\/index.php?rest_route=\/wp\/v2\/posts\/10109"}],"collection":[{"href":"https:\/\/www.ecuadoraldia.com.ec\/index.php?rest_route=\/wp\/v2\/posts"}],"about":[{"href":"https:\/\/www.ecuadoraldia.com.ec\/index.php?rest_route=\/wp\/v2\/types\/post"}],"author":[{"embeddable":true,"href":"https:\/\/www.ecuadoraldia.com.ec\/index.php?rest_route=\/wp\/v2\/users\/1"}],"replies":[{"embeddable":true,"href":"https:\/\/www.ecuadoraldia.com.ec\/index.php?rest_route=%2Fwp%2Fv2%2Fcomments&post=10109"}],"version-history":[{"count":1,"href":"https:\/\/www.ecuadoraldia.com.ec\/index.php?rest_route=\/wp\/v2\/posts\/10109\/revisions"}],"predecessor-version":[{"id":10111,"href":"https:\/\/www.ecuadoraldia.com.ec\/index.php?rest_route=\/wp\/v2\/posts\/10109\/revisions\/10111"}],"wp:attachment":[{"href":"https:\/\/www.ecuadoraldia.com.ec\/index.php?rest_route=%2Fwp%2Fv2%2Fmedia&parent=10109"}],"wp:term":[{"taxonomy":"category","embeddable":true,"href":"https:\/\/www.ecuadoraldia.com.ec\/index.php?rest_route=%2Fwp%2Fv2%2Fcategories&post=10109"},{"taxonomy":"post_tag","embeddable":true,"href":"https:\/\/www.ecuadoraldia.com.ec\/index.php?rest_route=%2Fwp%2Fv2%2Ftags&post=10109"}],"curies":[{"name":"wp","href":"https:\/\/api.w.org\/{rel}","templated":true}]}}