{"id":10115,"date":"2015-08-08T21:55:56","date_gmt":"2015-08-08T21:55:56","guid":{"rendered":"http:\/\/www.ecuadoraldia.com.ec\/?p=10115"},"modified":"2015-08-08T21:55:56","modified_gmt":"2015-08-08T21:55:56","slug":"un-individuo-decia-ser-periodista-para-delinquir","status":"publish","type":"post","link":"https:\/\/www.ecuadoraldia.com.ec\/?p=10115","title":{"rendered":"Un individuo dec\u00eda ser periodista para delinquir"},"content":{"rendered":"<p style=\"text-align: justify;\"><a href=\"http:\/\/www.ecuadoraldia.com.ec\/wp-content\/uploads\/2015\/08\/prensa.jpg\"><img loading=\"lazy\" decoding=\"async\" class=\"alignleft size-medium wp-image-10116\" src=\"http:\/\/www.ecuadoraldia.com.ec\/wp-content\/uploads\/2015\/08\/prensa-300x200.jpg\" alt=\"prensa\" width=\"300\" height=\"200\" \/><\/a>Ayer, en un operativo, capturaron a 3 personas que estar\u00edan ligadas con apresados por extorsi\u00f3n en el \u2018Eslab\u00f3n 34\u2019.<\/p>\n<p style=\"text-align: justify;\">Un individuo dec\u00eda ser periodista para delinquir<br \/>\nRedacci\u00f3n Justicia<\/p>\n<p style=\"text-align: justify;\">En una vivienda del sur de Guayaquil, en la ciudadela Santa M\u00f3nica, fue detenido un individuo que supuestamente se hac\u00eda pasar como periodista para pedir dinero a funcionarios p\u00fablicos y tambi\u00e9n a personas particulares.<\/p>\n<p style=\"text-align: justify;\">El seudocomunicador vend\u00eda espacios para publicidad en un medio impreso que dec\u00eda se llamaba \u2018El Minero\u2019 y utilizaba credenciales falsas.<\/p>\n<p style=\"text-align: justify;\">Pablo Cruz, fiscal con competencia en Delitos Flagrantes, indic\u00f3 que el sospechoso operaba, sobre todo, en los cantones La Libertad y Salinas, en la provincia de Santa Elena.<\/p>\n<p style=\"text-align: justify;\">\u201cAlgunas personas fueron estafadas, como una vicealcaldesa de uno de los cantones de la provincia. En cambio, otras fueron extorsionadas para que pautaran en el medio, sino publicar\u00edan algo que los perjudicar\u00eda\u201d, manifest\u00f3 el funcionario.<\/p>\n<p style=\"text-align: justify;\">Agreg\u00f3 que el presunto delincuente exig\u00eda un pago que oscilaba entre $ 300 y $ 600, y habr\u00eda estado dedicado a este il\u00edcito hace unos 4 meses.<\/p>\n<p style=\"text-align: justify;\">El operativo se ejecut\u00f3 ayer, aproximadamente a las 04:00, simult\u00e1neamente en las provincias de Guayas y Manab\u00ed. Tres personas fueron detenidas, las que tendr\u00edan relaci\u00f3n con una organizaci\u00f3n delictiva que fue desarticulada, a inicios de julio de este a\u00f1o, en el operativo \u2018Eslab\u00f3n 34\u2019.<\/p>\n<p style=\"text-align: justify;\">Otro de los aprehendidos estaba en una casa en el bloque 4 de la cooperativa Flor de Basti\u00f3n, en el noroeste de Guayaquil. Seg\u00fan un agente, que prefiri\u00f3 la reserva de su nombre, ten\u00eda 7 boletas de detenci\u00f3n pendientes por los delitos de tenencia de armas, extorsi\u00f3n, estafa y tentativa de asesinato.<\/p>\n<p style=\"text-align: justify;\">\u201cEn Santa Elena lo buscaban desde hace 2 a\u00f1os\u201d, inform\u00f3. La otra persona fue detenida en Portoviejo, capital de la provincia de Manab\u00ed.<\/p>\n<p style=\"text-align: justify;\">Personal de comunicaci\u00f3n de Polic\u00eda Nacional de la Zona 8, que incluye los cantones de Guayaquil, Dur\u00e1n y Samborond\u00f3n, confirm\u00f3 que los detenidos en la urbe porte\u00f1a fueron trasladados ayer, en horas de la ma\u00f1ana, a la provincia de Santa Elena, donde ser\u00e1n procesados.<\/p>\n<p style=\"text-align: justify;\">De acuerdo con cifras de la Direcci\u00f3n Nacional de Delitos contra la Vida, Secuestros, Extorsiones y Desapariciones de personas (Dinased), de enero a abril de este a\u00f1o, en el pa\u00eds, se reportaron 118 casos de extorsi\u00f3n, de los cuales 14 fueron resueltos y el resto contin\u00faa en investigaci\u00f3n. (El tel\u00e9grafo)<\/p>\n","protected":false},"excerpt":{"rendered":"<p>Ayer, en un operativo, capturaron a 3 personas que estar\u00edan ligadas con apresados por extorsi\u00f3n en el \u2018Eslab\u00f3n 34\u2019. Un<\/p>\n","protected":false},"author":1,"featured_media":0,"comment_status":"open","ping_status":"open","sticky":false,"template":"","format":"standard","meta":{"footnotes":""},"categories":[5],"tags":[],"_links":{"self":[{"href":"https:\/\/www.ecuadoraldia.com.ec\/index.php?rest_route=\/wp\/v2\/posts\/10115"}],"collection":[{"href":"https:\/\/www.ecuadoraldia.com.ec\/index.php?rest_route=\/wp\/v2\/posts"}],"about":[{"href":"https:\/\/www.ecuadoraldia.com.ec\/index.php?rest_route=\/wp\/v2\/types\/post"}],"author":[{"embeddable":true,"href":"https:\/\/www.ecuadoraldia.com.ec\/index.php?rest_route=\/wp\/v2\/users\/1"}],"replies":[{"embeddable":true,"href":"https:\/\/www.ecuadoraldia.com.ec\/index.php?rest_route=%2Fwp%2Fv2%2Fcomments&post=10115"}],"version-history":[{"count":1,"href":"https:\/\/www.ecuadoraldia.com.ec\/index.php?rest_route=\/wp\/v2\/posts\/10115\/revisions"}],"predecessor-version":[{"id":10117,"href":"https:\/\/www.ecuadoraldia.com.ec\/index.php?rest_route=\/wp\/v2\/posts\/10115\/revisions\/10117"}],"wp:attachment":[{"href":"https:\/\/www.ecuadoraldia.com.ec\/index.php?rest_route=%2Fwp%2Fv2%2Fmedia&parent=10115"}],"wp:term":[{"taxonomy":"category","embeddable":true,"href":"https:\/\/www.ecuadoraldia.com.ec\/index.php?rest_route=%2Fwp%2Fv2%2Fcategories&post=10115"},{"taxonomy":"post_tag","embeddable":true,"href":"https:\/\/www.ecuadoraldia.com.ec\/index.php?rest_route=%2Fwp%2Fv2%2Ftags&post=10115"}],"curies":[{"name":"wp","href":"https:\/\/api.w.org\/{rel}","templated":true}]}}