{"id":10118,"date":"2015-08-08T21:57:49","date_gmt":"2015-08-08T21:57:49","guid":{"rendered":"http:\/\/www.ecuadoraldia.com.ec\/?p=10118"},"modified":"2015-08-08T21:57:49","modified_gmt":"2015-08-08T21:57:49","slug":"el-costo-del-metro-baja-2-y-no-se-explica-la-negociacion","status":"publish","type":"post","link":"https:\/\/www.ecuadoraldia.com.ec\/?p=10118","title":{"rendered":"El costo del Metro baja 2% y no se explica la negociaci\u00f3n"},"content":{"rendered":"<p style=\"text-align: justify;\"><a href=\"http:\/\/www.ecuadoraldia.com.ec\/wp-content\/uploads\/2015\/08\/metro_quito_.jpg\"><img loading=\"lazy\" decoding=\"async\" class=\"alignleft size-medium wp-image-10119\" src=\"http:\/\/www.ecuadoraldia.com.ec\/wp-content\/uploads\/2015\/08\/metro_quito_-300x187.jpg\" alt=\"metro_quito_\" width=\"300\" height=\"187\" srcset=\"https:\/\/www.ecuadoraldia.com.ec\/wp-content\/uploads\/2015\/08\/metro_quito_-300x187.jpg 300w, https:\/\/www.ecuadoraldia.com.ec\/wp-content\/uploads\/2015\/08\/metro_quito_.jpg 625w\" sizes=\"(max-width: 300px) 100vw, 300px\" \/><\/a>El costo del Metro de Quito sufrir\u00e1 un incremento de $ 440,9 millones frente al presupuesto referencial de $ 1.500 millones que manej\u00f3 la Alcald\u00eda anterior para el total del proyecto de movilidad.<\/p>\n<p style=\"text-align: justify;\">El alcalde Mauricio Rodas anunci\u00f3 el jueves que la negociaci\u00f3n con el consorcio hispano-brasile\u00f1o Acciona-Odebrecht dej\u00f3 como resultado la reducci\u00f3n de $ 50 millones frente la oferta para la construcci\u00f3n de la Fase II de la obra.<\/p>\n<p style=\"text-align: justify;\">La disminuci\u00f3n anunciada por el jefe del gobierno capitalino equivale al 2,57% de los $ 1.940,9 millones que costar\u00eda ahora el sistema de transportaci\u00f3n subterr\u00e1neo.<\/p>\n<p style=\"text-align: justify;\">El exalcalde de Quito, Augusto Barrera, calific\u00f3 ayer, a trav\u00e9s de su cuenta de Twitter, de irrisoria la cantidad y se pregunt\u00f3 \u00bfqui\u00e9n y c\u00f3mo se decidi\u00f3?.<\/p>\n<p style=\"text-align: justify;\">Adicionalmente, critic\u00f3 el hermetismo mostrado por su sucesor y el equipo de este en torno a los detalles del proceso de negociaci\u00f3n con el consorcio.<\/p>\n<p style=\"text-align: justify;\">La reducci\u00f3n lograda por Rodas y su equipo es de unos $ 130 millones menos frente a la baja de $ 180 millones que proyectaba lograr la administraci\u00f3n Barrera mediante un proyecto de abril de 2012.<\/p>\n<p style=\"text-align: justify;\">El plan preve\u00eda una optimizaci\u00f3n del plan en diversos \u00e1mbitos y que permitir\u00edan usar menos recursos que los $ 1.500 millones planteados por Metro Madrid.<\/p>\n<p style=\"text-align: justify;\">As\u00ed lo dijo hace unos meses a diario EL TEL\u00c9GRAFO el exgerente de la Empresa P\u00fablica Metropolitana Metro de Quito, \u00c9dgar J\u00e1come.<\/p>\n<p style=\"text-align: justify;\">Seg\u00fan J\u00e1come, mediante una revisi\u00f3n de los dise\u00f1os de ingenier\u00eda \u201cse estableci\u00f3 un conjunto de elementos que eran sujetos de mejor\u00eda\u201d. Esta permitir\u00eda incrementar, en algunos casos, la funcionalidad de las infraestructuras, aunque sin descuidar el tema de seguridad.<\/p>\n<p style=\"text-align: justify;\">El exfuncionario se\u00f1al\u00f3 que se pensaba, por ejemplo, optimizar el tama\u00f1o de las estaciones, pasando de estructuras de 25 metros a otras de 23 metros.<\/p>\n<p style=\"text-align: justify;\">Con ese y otros ajustes, la pasada Alcald\u00eda consideraba que se pod\u00edan ahorrar unos $ 130 millones.<\/p>\n<p style=\"text-align: justify;\">A ello se sumaban la reasignaci\u00f3n de responsabilidades sobre la provisi\u00f3n de elementos necesarios para la operaci\u00f3n del sistema.<\/p>\n<p style=\"text-align: justify;\">As\u00ed, se planeaba que la Empresa El\u00e9ctrica Quito (EEQ) se encargara del proceso y costos del acondicionamiento de las subestaciones el\u00e9ctricas requeridas. En tanto que se planteaba que la Empresa de pasajeros asumiera el valor del sistema de recaudo del Metro.<\/p>\n<p style=\"text-align: justify;\">De esa forma se preve\u00eda completar el ahorro de $ 180 millones. (El tel\u00e9grafo)<\/p>\n","protected":false},"excerpt":{"rendered":"<p>El costo del Metro de Quito sufrir\u00e1 un incremento de $ 440,9 millones frente al presupuesto referencial de $ 1.500<\/p>\n","protected":false},"author":1,"featured_media":0,"comment_status":"open","ping_status":"open","sticky":false,"template":"","format":"standard","meta":{"footnotes":""},"categories":[14],"tags":[],"_links":{"self":[{"href":"https:\/\/www.ecuadoraldia.com.ec\/index.php?rest_route=\/wp\/v2\/posts\/10118"}],"collection":[{"href":"https:\/\/www.ecuadoraldia.com.ec\/index.php?rest_route=\/wp\/v2\/posts"}],"about":[{"href":"https:\/\/www.ecuadoraldia.com.ec\/index.php?rest_route=\/wp\/v2\/types\/post"}],"author":[{"embeddable":true,"href":"https:\/\/www.ecuadoraldia.com.ec\/index.php?rest_route=\/wp\/v2\/users\/1"}],"replies":[{"embeddable":true,"href":"https:\/\/www.ecuadoraldia.com.ec\/index.php?rest_route=%2Fwp%2Fv2%2Fcomments&post=10118"}],"version-history":[{"count":1,"href":"https:\/\/www.ecuadoraldia.com.ec\/index.php?rest_route=\/wp\/v2\/posts\/10118\/revisions"}],"predecessor-version":[{"id":10120,"href":"https:\/\/www.ecuadoraldia.com.ec\/index.php?rest_route=\/wp\/v2\/posts\/10118\/revisions\/10120"}],"wp:attachment":[{"href":"https:\/\/www.ecuadoraldia.com.ec\/index.php?rest_route=%2Fwp%2Fv2%2Fmedia&parent=10118"}],"wp:term":[{"taxonomy":"category","embeddable":true,"href":"https:\/\/www.ecuadoraldia.com.ec\/index.php?rest_route=%2Fwp%2Fv2%2Fcategories&post=10118"},{"taxonomy":"post_tag","embeddable":true,"href":"https:\/\/www.ecuadoraldia.com.ec\/index.php?rest_route=%2Fwp%2Fv2%2Ftags&post=10118"}],"curies":[{"name":"wp","href":"https:\/\/api.w.org\/{rel}","templated":true}]}}