{"id":10122,"date":"2015-08-10T18:12:28","date_gmt":"2015-08-10T18:12:28","guid":{"rendered":"http:\/\/www.ecuadoraldia.com.ec\/?p=10122"},"modified":"2015-08-10T18:16:46","modified_gmt":"2015-08-10T18:16:46","slug":"ricardo-taco-pintor-musico-y-creativo","status":"publish","type":"post","link":"https:\/\/www.ecuadoraldia.com.ec\/?p=10122","title":{"rendered":"Ricardo  Taco. Pintor, M\u00fasico y Creativo"},"content":{"rendered":"<p style=\"text-align: justify;\"><a href=\"http:\/\/www.ecuadoraldia.com.ec\/wp-content\/uploads\/2015\/08\/DSC04156.jpg\"><img loading=\"lazy\" decoding=\"async\" class=\"alignleft size-medium wp-image-10123\" src=\"http:\/\/www.ecuadoraldia.com.ec\/wp-content\/uploads\/2015\/08\/DSC04156-300x187.jpg\" alt=\"DSC04156\" width=\"300\" height=\"187\" srcset=\"https:\/\/www.ecuadoraldia.com.ec\/wp-content\/uploads\/2015\/08\/DSC04156-300x187.jpg 300w, https:\/\/www.ecuadoraldia.com.ec\/wp-content\/uploads\/2015\/08\/DSC04156-1024x637.jpg 1024w, https:\/\/www.ecuadoraldia.com.ec\/wp-content\/uploads\/2015\/08\/DSC04156.jpg 1736w\" sizes=\"(max-width: 300px) 100vw, 300px\" \/><\/a>Su nombre verdadero es INTI AMARU. Pero por cosas del destino tuvo que adoptar el nombre de Ricardo Taco, esto debido a que para poder ingresar a la escuela deb\u00eda cambiarse el nombre para poder recibir educaci\u00f3n, caso contrario se quedar\u00eda analfabeto. Esto como parte de una de las muchas la an\u00e9cdotas de su vida que nos cont\u00f3.<\/p>\n<p style=\"text-align: justify;\">Siempre viste de negro y usa el cabello largo, \u00a0a veces combinado con \u00a0un sombrero blanco de paja toquilla \u00a0de ala corta. Es de contextura delgado y su mirada profunda demuestra la preocupaci\u00f3n por los problemas que atraviesa la humanidad.\u00a0\u00a0De ah\u00ed la necesidad de organizar en Quito la Cumbre Mundial por el Arte, la Paz y la vida.<\/p>\n<p style=\"text-align: justify;\">La vida de Ricardo Taco, transcurre en medio de pinceles, pinturas e instrumentos musicales de percusi\u00f3n, cuerdas y de viento creados por \u00e9l. Su sitio de trabajo est\u00e1 ubicado en el sector de San Blas en una casa colonial. Una alfombra gris cubre el piso de madera de la sala donde se exponen un sinn\u00famero de cuadros y dibujos que van cobrando dimensiones \u00fanicas en su g\u00e9nero. Una serie de instrumentos aut\u00f3ctonos de viento y exclusivos colgados en las paredes complementan la pintoresca sala.<\/p>\n<p style=\"text-align: justify;\">Ricardo Taco, es considerado un so\u00f1ador de la vida, alguien que piensa en utop\u00edas, seg\u00fan\u00a0sus amigos. Tiene un concepto suig\u00e9neris de la M\u00fasica. No comparte ciertos criterios con sus colegas respecto de las partituras tradicionales. \u00c9l considera que hay que romper los esquemas y cambiar los conceptos para entrar en una nueva dimensi\u00f3n escuchando el clamor de la madre naturaleza y sobre esa base delinear los nuevos ritmos.<br \/>\nEstamos en una uni\u00f3n com\u00fan con varios compa\u00f1eros dedicados al arte donde so\u00f1amos que debemos construir un escenario, donde se pueda retribuir cambios en favor de la paz del mundo.<\/p>\n<p style=\"text-align: justify;\">El trabajo habla por s\u00ed solo. Nos hemos dedicado al que hacer tomado de la mano del arte, sea de la m\u00fasica, danza, o pintura. Haciendo reproducciones, y posteriormente en la b\u00fasqueda de propuestas que nacen de nuestro interior desde el origen mismo de la cosmovisi\u00f3n andina.<\/p>\n<p style=\"text-align: justify;\">\u00bfCu\u00e1les son sus principales logros y Cu\u00e1l es su mensaje a trav\u00e9s de esta pintura hol\u00edstica?<\/p>\n<p style=\"text-align: justify;\">Siempre manejo la idea de dar a conocer nuestras costumbres ancestrales, s\u00edmbolos, conocimiento, esa amalgama de cada sector de la tierra, hablando del kit de la tierra, del kit del sentimiento.<\/p>\n<p style=\"text-align: justify;\">Los seres humanos tendemos a sacar experiencias, y vivencias ha sido elemental b\u00e1sico mi formaci\u00f3n el catequillado como sabio andino se inicia a los 4 a\u00f1os de edad, sirve para resumir y plasmar determinadas im\u00e1genes, s\u00edmbolos que nos representan y expresan a nuestros abuelos y nuestras formas de ver, de sentir de creer de pensar de amar.<\/p>\n<p style=\"text-align: justify;\">Entonces, lo m\u00e1s importante en este aspecto es el mensaje que veo de nuestros cuentos, leyendas, costumbres graficados para se vea a la Tierra a la Pachita, mama nuestra madre tierra con un coraz\u00f3n tan gigante que da cabida a m\u00e1s de 7 mil millones de personas que habitamos el planeta y a todos nos cuida nos ama, nos da lo q necesitamos es cuesti\u00f3n de hacer una reflexi\u00f3n de d\u00f3nde venimos de quienes somos para tener b\u00e1sicamente una semilla la idea y el sentimiento para poder crear.<\/p>\n<p style=\"text-align: justify;\">\u00bfQu\u00e9 crea Ricardo taco. Como va a trascender su arte, su pintura su m\u00fasica?<\/p>\n<p style=\"text-align: justify;\"><a href=\"http:\/\/www.ecuadoraldia.com.ec\/wp-content\/uploads\/2015\/08\/DSC04077.jpg\"><img loading=\"lazy\" decoding=\"async\" class=\"alignleft size-medium wp-image-10124\" src=\"http:\/\/www.ecuadoraldia.com.ec\/wp-content\/uploads\/2015\/08\/DSC04077-300x169.jpg\" alt=\"DSC04077\" width=\"300\" height=\"169\" srcset=\"https:\/\/www.ecuadoraldia.com.ec\/wp-content\/uploads\/2015\/08\/DSC04077-300x169.jpg 300w, https:\/\/www.ecuadoraldia.com.ec\/wp-content\/uploads\/2015\/08\/DSC04077-1024x576.jpg 1024w, https:\/\/www.ecuadoraldia.com.ec\/wp-content\/uploads\/2015\/08\/DSC04077.jpg 1920w\" sizes=\"(max-width: 300px) 100vw, 300px\" \/><\/a>Mi m\u00fasica es parte que nace desde el momento que somos engendrados y que se podr\u00eda llamar la concepci\u00f3n de la vida , la tierra el sonido, el agua el sol el viento, las creencias nuestras, Nuestro padre el gran Pacha Yachachi, es el padre creador el que nos ayuda a vivir el que nos dej\u00f3 a libre albedr\u00edo en este mundo para poder hacer lo que cada uno necesita, quiere e intenta lograr.<\/p>\n<p style=\"text-align: justify;\">En mi caso el proyecto de la pintura es dejar reflejado parte de nuestras costumbres, pero desde mi punto de vista por supuesto q yo no estoy haciendo ning\u00fan tipo de reproducciones de ninguno de los pintores, tampoco la admiraci\u00f3n para determinado pintor el espa\u00f1ol es lo \u00fanico q he tenido en la \u00e9poca de mi ni\u00f1ez porque d ah\u00ed todito es esa experiencia.<br \/>\nLa creaci\u00f3n, el sentimiento, la forma de ver de pensar es totalmente distinta cada uno somos un mundo distinto, diverso somos \u00fanicos en el planeta cada quien con distintas visiones de las cosas.<\/p>\n<p style=\"text-align: justify;\">El planteamiento del dibujo y de la pintura m\u00eda desde la cosmovisi\u00f3n andina tiene que ver con quito, tiene q ver con mi pa\u00eds y cuando hablo d quito no me refiero a la parte f\u00edsica de quito porque quito era 3millones 200 mil km de territorio que tenemos parte de chile, parte de Per\u00fa Bolivia, Brasil ten\u00edamos territorio hasta centro am\u00e9rica.<\/p>\n<p style=\"text-align: justify;\">\u00bfQu\u00e9 satisfacciones le ha dado su pintura?<\/p>\n<p style=\"text-align: justify;\">La satisfacci\u00f3n de ver culminada una obra es infinita, puedo no haber comido, no haber dormido, pero verle terminado una obra es genial. Y es por eso que me he atrevido en estos tiempos a hacer un planteamiento como la cumbre mundial por la PAZ: Los logros que he tenido no son por suerte sino por mi trabajo, estas cosas que ven es mi mundo.<br \/>\nQue expresa la m\u00fasica.<\/p>\n<p style=\"text-align: justify;\">Tengo algunos amigos expertos en m\u00fasica ecuatorianos, con los cuales no logramos compaginar la escritura de algunas ideas musicales acorde con los instrumentos creados por el artista. Por ejemplo en una flauta, un saxsof\u00f3n o una trompeta no hay disminuidos ni una nota.<br \/>\nLa m\u00fasica de taco se basa en los sonidos que crea desde los sentidos, lo que no fue posible compaginar con los m\u00fasicos, es decir no hubo acuerdo en c\u00f3mo lograr la escritura. Alguien me dijo y D\u00f3nde est\u00e1n tus partituras, y le ense\u00f1o un dibujo y le digo esta es mi partitura.<\/p>\n<p>Si un p\u00e1jaro est\u00e1 con el pico hacia arriba demuestra un sonido agudo. Los troncos, representan un sonido c\u00f3ncavo porque los troncos son huecos por ejemplo dos botellones de agua unidos con un cuello angosto al momento de pasarla de un lado a otro producen un sonido del manantial, pero que tal si a este manantial le agregamos unas semillas, o si al fondo el revestimos de caucho ya no me dar\u00e1 un sonido de golpetear del agua, sino un sonido tipo mar y es as\u00ed como fueron cre\u00e1ndose esos instrumentos que dan el sonido de los taicos japoneses.<\/p>\n<p style=\"text-align: justify;\">\u00bfRicardo, cuando usted mezcla todos esos sonidos en la \u00faltima producci\u00f3n discogr\u00e1fica que realiz\u00f3 Que es lo que se pretende exponer al mundo y como ha sido recibida?.<\/p>\n<p style=\"text-align: justify;\">Bueno, ha sido recibida s\u00faper bien y me siento realizado en mi aspecto porque el efecto de la m\u00fasica que causa en las personas porque he logrado hacer una amalgama de sonidos que no se quedan est\u00e1ticos solamente en las 200 o 500 vibraciones que existen, sino que he logrado que estas vibraciones lleguen a rebasar las 2000 por supuesto esto ya es mi trabajo y ese conocimiento dejare para mi hija para que ella pueda entender y saber c\u00f3mo poder multiplicar la vibraci\u00f3n sino lograr equilibrar el sistema nervioso del ser humano<\/p>\n<p style=\"text-align: justify;\">Cumbre Mundial de las Artes por la Paz y la Vida 2015<\/p>\n<p style=\"text-align: justify;\"><a href=\"http:\/\/www.ecuadoraldia.com.ec\/wp-content\/uploads\/2015\/08\/DSC04151.jpg\"><img loading=\"lazy\" decoding=\"async\" class=\"alignleft size-medium wp-image-10125\" src=\"http:\/\/www.ecuadoraldia.com.ec\/wp-content\/uploads\/2015\/08\/DSC04151-300x231.jpg\" alt=\"DSC04151\" width=\"300\" height=\"231\" srcset=\"https:\/\/www.ecuadoraldia.com.ec\/wp-content\/uploads\/2015\/08\/DSC04151-300x231.jpg 300w, https:\/\/www.ecuadoraldia.com.ec\/wp-content\/uploads\/2015\/08\/DSC04151-1024x789.jpg 1024w, https:\/\/www.ecuadoraldia.com.ec\/wp-content\/uploads\/2015\/08\/DSC04151.jpg 1402w\" sizes=\"(max-width: 300px) 100vw, 300px\" \/><\/a>La primera Cumbre Continental de las Artes por la Paz y la Vida, se realiza en Quito Ecuador desde el domingo 9 de agosto, con la participaci\u00f3n de delegados de todo el mundo. Est\u00e1 inspirada en la construcci\u00f3n del quinto poder para el buen vivir.<\/p>\n<p style=\"text-align: justify;\">Se analizar\u00e1n temas como Derechos y Pol\u00edticas, econom\u00eda del potencial humano, medicina y ciencias ancestrales, visualidades culturales, entre otros.<\/p>\n<p style=\"text-align: justify;\">El mejor negocio para la humanidad es la Paz, porque primeramente si habr\u00eda paz, habr\u00eda armon\u00eda y adem\u00e1s respeto, ese respeto que nosotros necesitamos en el planeta. No quisiera que esto se quede en 4 paredes sino q crezca como una semilla a nivel mundial para q tengamos resultados No se trata de organizar un festival sino logar la concientizaci\u00f3n del individuo, de toda esa gente q esta en los espect\u00e1culos en cada espacio.<\/p>\n<p style=\"text-align: justify;\">En su ponencia Ecuador propondr\u00e1 hacia el mundo una iniciativa que logre poner fin a los genocidios que se dan en el mundo en contra de seres inocentes casos con Palestina, Kenia M\u00e9xico, Mendoza en Colombia, Chile, Guatemala, El Salvador. Es decir los Artistas buscaran acabar con las guerras. Tenemos una lista de dos mil agrupaciones que quieren participar pero lamentablemente como no somos una entidad del estado ni estamos financiados por religi\u00f3n alguna tampoco por ning\u00fan sector pol\u00edtico nos hemos mantenido aut\u00f3nomos.<\/p>\n<p style=\"text-align: justify;\">El tema deber\u00eda ser tocado por cada gobernante del mundo. Nuestra propuesta es un pacto de ternura con nuestra madre tierra, pacto que no es otra cosa que respetarnos a si mismo y a quienes est\u00e1n en nuestro entorno y poder llegar y tener un escenario en todo el mundo para poder ser mediadores para que no se produzcan conflictos.<br \/>\nLa paz tiene su propia pol\u00edtica. Una pol\u00edtica de Paz, una pol\u00edtica de vida, una pol\u00edtica de respeto, de amor de ternura hacia el ser humano, a la tierra que nos da la vida y q nos recoger\u00e1 cuando dejemos de existir.<\/p>\n<p style=\"text-align: justify;\">Desde el 28 de octubre del a\u00f1o pasado hemos venido desarrollando algunas cosas. Tuvimos el pre lanzamiento en la casa de la cultura con la participaci\u00f3n de varios artistas.<br \/>\nEl domingo 9 de agosto en la inauguraci\u00f3n tuvimos la presencia de representantes de \u00c1frica, Argentina EE UU Guatemala Brasil y muchos m\u00e1s que fueron convocados. Desde octubre pasado hemos tenido la participaci\u00f3n activa de Libia, Palestina Egipto.<\/p>\n<p style=\"text-align: justify;\">L a propuesta es la paz desde el \u00e1mbito musical por que los artistas son quienes plantean en su m\u00fasica las propuestas de paz para la humanidad. La paz est\u00e1 en todos los colores y en los seres humanos, est\u00e1 en el negro, en el blanco, en el mestizo, en el asi\u00e1tico, el africano, etc.<br \/>\nQuito es la sede en el coraz\u00f3n del mundo de la cumbre mundial de las arte y la paz en el que exponen sus.<\/p>\n<p style=\"text-align: justify;\">La unidad ser\u00e1 la \u00fanica forma de lograr que la paz pueda alcanzar sus objetivos. Miles de problemas por la falta de respeto al ser humano, al planeta, a la tierra. Por la falta de armon\u00eda que no se ha logrado Hay much\u00edsimas organizaciones religiosas en el pa\u00eds (2.400) que no han dado los frutos esperados.<\/p>\n<p>Hay que empezar a trabajar con los ni\u00f1os y los j\u00f3venes, las universidades, para avanzar en la b\u00fasqueda de la paz interna. Es important\u00edsimo cultivar la paz sobre la base del respeto que nos merecemos todos y el ciudadano que deber\u00eda tener el otro ser humano como si fu\u00e9ramos uno solo, con ello estoy seguro que se acabar\u00eda tanta injusticia asesinatos, robos intereses mezquinos de mucha gente y si conoci\u00e9ramos ciertas cosas de esto ir\u00edamos normando esta situaci\u00f3n para que tengamos una buena relaci\u00f3n de paz de tranquilidad de amor hacia la humanidad y la tierra. (Entrevista \u00a0realizada por Carlos Aguirre y transcrita por Ra\u00fal Mu\u00f1oz Barre). Quito julio de 2015<\/p>\n","protected":false},"excerpt":{"rendered":"<p>Su nombre verdadero es INTI AMARU. Pero por cosas del destino tuvo que adoptar el nombre de Ricardo Taco, esto<\/p>\n","protected":false},"author":1,"featured_media":0,"comment_status":"open","ping_status":"open","sticky":false,"template":"","format":"standard","meta":{"footnotes":""},"categories":[8],"tags":[],"_links":{"self":[{"href":"https:\/\/www.ecuadoraldia.com.ec\/index.php?rest_route=\/wp\/v2\/posts\/10122"}],"collection":[{"href":"https:\/\/www.ecuadoraldia.com.ec\/index.php?rest_route=\/wp\/v2\/posts"}],"about":[{"href":"https:\/\/www.ecuadoraldia.com.ec\/index.php?rest_route=\/wp\/v2\/types\/post"}],"author":[{"embeddable":true,"href":"https:\/\/www.ecuadoraldia.com.ec\/index.php?rest_route=\/wp\/v2\/users\/1"}],"replies":[{"embeddable":true,"href":"https:\/\/www.ecuadoraldia.com.ec\/index.php?rest_route=%2Fwp%2Fv2%2Fcomments&post=10122"}],"version-history":[{"count":3,"href":"https:\/\/www.ecuadoraldia.com.ec\/index.php?rest_route=\/wp\/v2\/posts\/10122\/revisions"}],"predecessor-version":[{"id":10128,"href":"https:\/\/www.ecuadoraldia.com.ec\/index.php?rest_route=\/wp\/v2\/posts\/10122\/revisions\/10128"}],"wp:attachment":[{"href":"https:\/\/www.ecuadoraldia.com.ec\/index.php?rest_route=%2Fwp%2Fv2%2Fmedia&parent=10122"}],"wp:term":[{"taxonomy":"category","embeddable":true,"href":"https:\/\/www.ecuadoraldia.com.ec\/index.php?rest_route=%2Fwp%2Fv2%2Fcategories&post=10122"},{"taxonomy":"post_tag","embeddable":true,"href":"https:\/\/www.ecuadoraldia.com.ec\/index.php?rest_route=%2Fwp%2Fv2%2Ftags&post=10122"}],"curies":[{"name":"wp","href":"https:\/\/api.w.org\/{rel}","templated":true}]}}