{"id":10129,"date":"2015-08-10T18:19:35","date_gmt":"2015-08-10T18:19:35","guid":{"rendered":"http:\/\/www.ecuadoraldia.com.ec\/?p=10129"},"modified":"2015-08-10T18:19:35","modified_gmt":"2015-08-10T18:19:35","slug":"correa-nos-falta-la-segunda-independencia-de-las-elites","status":"publish","type":"post","link":"https:\/\/www.ecuadoraldia.com.ec\/?p=10129","title":{"rendered":"Correa: \u201cNos falta la segunda independencia, de las \u00e9lites\u201d"},"content":{"rendered":"<figure id=\"attachment_10130\" aria-describedby=\"caption-attachment-10130\" style=\"width: 300px\" class=\"wp-caption alignleft\"><a href=\"http:\/\/www.ecuadoraldia.com.ec\/wp-content\/uploads\/2015\/08\/11-08-15-flores10.jpg\"><img loading=\"lazy\" decoding=\"async\" class=\"size-medium wp-image-10130\" src=\"http:\/\/www.ecuadoraldia.com.ec\/wp-content\/uploads\/2015\/08\/11-08-15-flores10-300x200.jpg\" alt=\"ACT PRESIDENTE  CORREA EN ACTO DE OFRENDAS FLORALES A LOS HEROES DEL 10 DE AGOSTO \/ FOTO JOHN GUEVARA OFRENDA FLORAL\" width=\"300\" height=\"200\" srcset=\"https:\/\/www.ecuadoraldia.com.ec\/wp-content\/uploads\/2015\/08\/11-08-15-flores10-300x200.jpg 300w, https:\/\/www.ecuadoraldia.com.ec\/wp-content\/uploads\/2015\/08\/11-08-15-flores10.jpg 800w\" sizes=\"(max-width: 300px) 100vw, 300px\" \/><\/a><figcaption id=\"caption-attachment-10130\" class=\"wp-caption-text\">ACT PRESIDENTE CORREA EN ACTO DE OFRENDAS FLORALES A LOS HEROES DEL 10 DE AGOSTO \/ FOTO JOHN GUEVARA OFRENDA FLORAL<\/figcaption><\/figure>\n<p style=\"text-align: justify;\">El presidente de la Rep\u00fablica, Rafael Correa, entreg\u00f3 una ofrenda floral este lunes a las 8:00 en el Monumento a los H\u00e9roes del 10 de agosto ubicado en la Plaza Grande de Quito. El acto es parte de la agenda de los eventos programados por el Primer Grito de Independencia.<\/p>\n<p style=\"text-align: justify;\">Lo acompa\u00f1\u00f3 la presidenta de la Asamblea Nacional, Gabriela Rivadeneira, y el ministro coordinador de Seguridad, C\u00e9sar Navas.<\/p>\n<p style=\"text-align: justify;\">Luego del evento, el presidente Correa afirm\u00f3 que a\u00fan nos \u201cfalta la segunda independencia, de las \u00e9lites que nos han dominado, en esa lucha estamos\u201d.<\/p>\n<p style=\"text-align: justify;\">Respecto a las marchas del pr\u00f3ximo jueves 13 de agosto, enfatiz\u00f3 que \u201cprevalecer\u00e1 la voluntad de las grandes mayor\u00edas, construyendo la patria nueva en paz\u201d. Por ello, enfatiz\u00f3 que no hay que permitir que \u201clos rezagos del pasado, le hagan da\u00f1o al Ecuador\u201d.<\/p>\n<p>Asamblea Popular Ciudadana<\/p>\n<p>La Asamblea Popular Ciudadana de Quito tambi\u00e9n se hizo presente colocando una ofrenda floral, y lo efectu\u00f3 como parte de las primeras resoluciones en el manifiesto que definieron la semana pasada en su primera reuni\u00f3n.<\/p>\n<p>As\u00ed lo manifest\u00f3 Erick Mozo, presidente de la Federaci\u00f3n Nacional de Estudiantes Universitarios Particulares del Ecuador (FEUPE), que integra la Asamblea Popular. \u201cTen\u00edamos que hacernos presente en este d\u00eda tan ic\u00f3nico para el pa\u00eds\u201d.<\/p>\n<p>El manifiesto tiene siete puntos, y planean hacerlo p\u00fablico en los pr\u00f3ximos d\u00edas pero a\u00fan no tienen fecha. Entre los principales resoluciones del documento consta la defensa de la identidad quite\u00f1a as\u00ed como los colores de la bandera de la capital, as\u00ed como la organizaci\u00f3n de una veedur\u00eda de las obras.<\/p>\n<p>En el tema de la protestas, Mozo indic\u00f3 que hacen un llamado al di\u00e1logo y que rechazan \u00abcualquier acto de violencia, o da\u00f1o al patrimonio\u00bb.<\/p>\n<p>Para Norma Vallejo, miembro de la Asamblea Popular, el di\u00e1logo ser\u00e1 la v\u00eda para encontrar las soluciones a los problemas planteados. \u201cQueremos ser el puente para que la ciudadan\u00eda puede dialogar con el gobierno nacional, as\u00ed como con el gobierno local\u201d.<\/p>\n<p>Sobre la gesti\u00f3n municipal, Vallejo sostuvo que a\u00fan hay mucho trabajo por hacer en los barrios de Quito.(telegrafo)<\/p>\n","protected":false},"excerpt":{"rendered":"<p>El presidente de la Rep\u00fablica, Rafael Correa, entreg\u00f3 una ofrenda floral este lunes a las 8:00 en el Monumento a<\/p>\n","protected":false},"author":1,"featured_media":0,"comment_status":"open","ping_status":"open","sticky":false,"template":"","format":"standard","meta":{"footnotes":""},"categories":[1],"tags":[],"_links":{"self":[{"href":"https:\/\/www.ecuadoraldia.com.ec\/index.php?rest_route=\/wp\/v2\/posts\/10129"}],"collection":[{"href":"https:\/\/www.ecuadoraldia.com.ec\/index.php?rest_route=\/wp\/v2\/posts"}],"about":[{"href":"https:\/\/www.ecuadoraldia.com.ec\/index.php?rest_route=\/wp\/v2\/types\/post"}],"author":[{"embeddable":true,"href":"https:\/\/www.ecuadoraldia.com.ec\/index.php?rest_route=\/wp\/v2\/users\/1"}],"replies":[{"embeddable":true,"href":"https:\/\/www.ecuadoraldia.com.ec\/index.php?rest_route=%2Fwp%2Fv2%2Fcomments&post=10129"}],"version-history":[{"count":1,"href":"https:\/\/www.ecuadoraldia.com.ec\/index.php?rest_route=\/wp\/v2\/posts\/10129\/revisions"}],"predecessor-version":[{"id":10131,"href":"https:\/\/www.ecuadoraldia.com.ec\/index.php?rest_route=\/wp\/v2\/posts\/10129\/revisions\/10131"}],"wp:attachment":[{"href":"https:\/\/www.ecuadoraldia.com.ec\/index.php?rest_route=%2Fwp%2Fv2%2Fmedia&parent=10129"}],"wp:term":[{"taxonomy":"category","embeddable":true,"href":"https:\/\/www.ecuadoraldia.com.ec\/index.php?rest_route=%2Fwp%2Fv2%2Fcategories&post=10129"},{"taxonomy":"post_tag","embeddable":true,"href":"https:\/\/www.ecuadoraldia.com.ec\/index.php?rest_route=%2Fwp%2Fv2%2Ftags&post=10129"}],"curies":[{"name":"wp","href":"https:\/\/api.w.org\/{rel}","templated":true}]}}