{"id":10132,"date":"2015-08-16T15:09:08","date_gmt":"2015-08-16T15:09:08","guid":{"rendered":"http:\/\/www.ecuadoraldia.com.ec\/?p=10132"},"modified":"2015-08-16T15:09:08","modified_gmt":"2015-08-16T15:09:08","slug":"avion-pierde-contacto-con-torre-de-control-en-indonesia","status":"publish","type":"post","link":"https:\/\/www.ecuadoraldia.com.ec\/?p=10132","title":{"rendered":"Avi\u00f3n pierde contacto con torre de control en Indonesia"},"content":{"rendered":"<p style=\"text-align: justify;\"><a href=\"http:\/\/www.ecuadoraldia.com.ec\/wp-content\/uploads\/2015\/08\/aeronave.jpg\"><img loading=\"lazy\" decoding=\"async\" class=\"alignleft size-medium wp-image-10133\" src=\"http:\/\/www.ecuadoraldia.com.ec\/wp-content\/uploads\/2015\/08\/aeronave-300x179.jpg\" alt=\"aeronave\" width=\"300\" height=\"179\" srcset=\"https:\/\/www.ecuadoraldia.com.ec\/wp-content\/uploads\/2015\/08\/aeronave-300x179.jpg 300w, https:\/\/www.ecuadoraldia.com.ec\/wp-content\/uploads\/2015\/08\/aeronave.jpg 380w\" sizes=\"(max-width: 300px) 100vw, 300px\" \/><\/a>Agencia AFP. Un avi\u00f3n comercial indonesio con 54 personas a bordo perdi\u00f3 este domingo el contacto con tierra cuando sobrevolaba, con malas condiciones meteorol\u00f3gicas, la provincia oriental indonesia de Pap\u00faa, en lo que podr\u00eda ser el \u00faltimo accidente del sector a\u00e9reo del pa\u00eds.<\/p>\n<p style=\"text-align: justify;\">El avi\u00f3n, un ATR 42 de la aerol\u00ednea Trigana Air, perdi\u00f3 el contacto con el control de control a\u00e9reo poco antes de las 06H00 GMT, media hora despu\u00e9s de despegar del aeropuerto Sentani de Jayapura, capital de Pap\u00faa, con destino a Oksibil, indic\u00f3 la agencia nacional de b\u00fasqueda y rescate en Twitter.<\/p>\n<p style=\"text-align: justify;\">El avi\u00f3n transporta 49 adultos, entre ellos cinco miembros de la tripulaci\u00f3n, y cinco ni\u00f1os.<\/p>\n<p style=\"text-align: justify;\">Diez minutos antes de la hora de llegada, el avi\u00f3n contact\u00f3 con la torre de control de Oksibil para pedir autorizaci\u00f3n para aterrizar, cont\u00f3 el capit\u00e1n Beni Sumaryanto, director de operaciones de Trigana Air.<\/p>\n<p style=\"text-align: justify;\">Pero el avi\u00f3n nunca lleg\u00f3 y, media hora despu\u00e9s, la aerol\u00ednea indonesia orden\u00f3 a otro aparato que hiciera la misma ruta para localizar el aeroplano desaparecido, dijo Sumaryanto.<\/p>\n<p style=\"text-align: justify;\">\u00abHac\u00eda muy mal tiempo, el avi\u00f3n no pudo encontrar al otro y regres\u00f3 a Sentani\u00bb, a\u00f1adi\u00f3. \u00abOksibil es una zona monta\u00f1osa donde el tiempo es muy impredecible. De repente, se puede volver neblinoso, oscuro y ventoso, sin previo aviso\u00bb, explic\u00f3.<\/p>\n<p style=\"text-align: justify;\">Un portavoz de la polic\u00eda de Pap\u00faa, Patridge Renwarin, dijo a la televisi\u00f3n local que unos habitantes vieron estrellarse un avi\u00f3n y que las autoridades locales se dirig\u00edan hacia esa zona para investigar lo ocurrido.<\/p>\n<p style=\"text-align: justify;\">\u00abSospechamos claramente que es un problema relacionado con el tiempo. No se trata de una sobrecapacidad, ya que el avi\u00f3n pod\u00eda transportar 50 pasajeros\u00bb, asegur\u00f3 Sumaryanto.<\/p>\n<p style=\"text-align: justify;\">El portavoz del ministerio de Transportes, J.A. Barata, confirm\u00f3 que el avi\u00f3n hab\u00eda perdido contacto con la torre de control.<\/p>\n<p style=\"text-align: justify;\">\u00abTodav\u00eda no estamos seguros de lo que le ocurri\u00f3 al avi\u00f3n, estamos coordinando con las autoridades locales\u00bb, dijo a la AFP.<\/p>\n<p style=\"text-align: justify;\">\u00abEn estos momentos hace muy mal tiempo all\u00ed, es muy oscuro y nuboso. No es propicio para una b\u00fasqueda. El \u00e1rea es monta\u00f1osa\u00bb, declar\u00f3, abundando en lo dicho por Sumaryanto.<\/p>\n<p style=\"text-align: justify;\">Trigana Air es un peque\u00f1a aerol\u00ednea fundada en 1991 que ofrece vuelos internos hacia unos 40 destinos en Indonesia.<\/p>\n<p style=\"text-align: justify;\">La compa\u00f1\u00eda suele utilizar peque\u00f1os aviones en la remota y monta\u00f1osa Pap\u00faa, y las malas condiciones clim\u00e1ticas causaron varios accidentes en los \u00faltimos a\u00f1os.<\/p>\n<p style=\"text-align: justify;\">El mi\u00e9rcoles, un avi\u00f3n de h\u00e9lice Cessna de la aerol\u00ednea indonesia Komala Air se estrell\u00f3 en el distrito de Yahukimo, en Pap\u00faa, matando a una persona e hiriendo gravemente a otras cinco.<\/p>\n<p style=\"text-align: justify;\">Los responsables consideraron que el mal tiempo fue responsable del accidente.<\/p>\n<p style=\"text-align: justify;\">Indonesia tiene un p\u00e9simo historial en cuanto a seguridad a\u00e9rea. El pasado mes de diciembre, un avi\u00f3n de AirAsia, que volaba desde la ciudad indonesia de Surabaya hasta Singapur, se estrell\u00f3 en el mar de Java, causando la muerte de las 162 personas a bordo.<\/p>\n<p style=\"text-align: justify;\">El sector a\u00e9reo indonesio est\u00e1 creciendo r\u00e1pidamente al igual que la econom\u00eda del pa\u00eds asi\u00e1tico, y cada vez m\u00e1s gente elige el avi\u00f3n para desplazarse de un lado a otro del pa\u00eds, un inmenso archipi\u00e9lago.<\/p>\n<p style=\"text-align: justify;\">Pero a las aerol\u00edneas les cuesta encontrar t\u00e9cnicos y pilotos bien entrenados para seguir el ritmo del crecimiento del sector. (AFP)<\/p>\n","protected":false},"excerpt":{"rendered":"<p>Agencia AFP. Un avi\u00f3n comercial indonesio con 54 personas a bordo perdi\u00f3 este domingo el contacto con tierra cuando sobrevolaba,<\/p>\n","protected":false},"author":1,"featured_media":0,"comment_status":"open","ping_status":"open","sticky":false,"template":"","format":"standard","meta":{"footnotes":""},"categories":[1],"tags":[],"_links":{"self":[{"href":"https:\/\/www.ecuadoraldia.com.ec\/index.php?rest_route=\/wp\/v2\/posts\/10132"}],"collection":[{"href":"https:\/\/www.ecuadoraldia.com.ec\/index.php?rest_route=\/wp\/v2\/posts"}],"about":[{"href":"https:\/\/www.ecuadoraldia.com.ec\/index.php?rest_route=\/wp\/v2\/types\/post"}],"author":[{"embeddable":true,"href":"https:\/\/www.ecuadoraldia.com.ec\/index.php?rest_route=\/wp\/v2\/users\/1"}],"replies":[{"embeddable":true,"href":"https:\/\/www.ecuadoraldia.com.ec\/index.php?rest_route=%2Fwp%2Fv2%2Fcomments&post=10132"}],"version-history":[{"count":1,"href":"https:\/\/www.ecuadoraldia.com.ec\/index.php?rest_route=\/wp\/v2\/posts\/10132\/revisions"}],"predecessor-version":[{"id":10134,"href":"https:\/\/www.ecuadoraldia.com.ec\/index.php?rest_route=\/wp\/v2\/posts\/10132\/revisions\/10134"}],"wp:attachment":[{"href":"https:\/\/www.ecuadoraldia.com.ec\/index.php?rest_route=%2Fwp%2Fv2%2Fmedia&parent=10132"}],"wp:term":[{"taxonomy":"category","embeddable":true,"href":"https:\/\/www.ecuadoraldia.com.ec\/index.php?rest_route=%2Fwp%2Fv2%2Fcategories&post=10132"},{"taxonomy":"post_tag","embeddable":true,"href":"https:\/\/www.ecuadoraldia.com.ec\/index.php?rest_route=%2Fwp%2Fv2%2Ftags&post=10132"}],"curies":[{"name":"wp","href":"https:\/\/api.w.org\/{rel}","templated":true}]}}