{"id":10135,"date":"2015-08-16T15:11:21","date_gmt":"2015-08-16T15:11:21","guid":{"rendered":"http:\/\/www.ecuadoraldia.com.ec\/?p=10135"},"modified":"2015-08-16T15:11:21","modified_gmt":"2015-08-16T15:11:21","slug":"ministerio-coordinador-de-seguridad-sobrevolo-las-zonas-aledanas-al-cotopaxi","status":"publish","type":"post","link":"https:\/\/www.ecuadoraldia.com.ec\/?p=10135","title":{"rendered":"Ministerio Coordinador de Seguridad sobrevol\u00f3 las zonas aleda\u00f1as al Cotopaxi"},"content":{"rendered":"<p style=\"text-align: justify;\"><a href=\"http:\/\/www.ecuadoraldia.com.ec\/wp-content\/uploads\/2015\/08\/zonas-afectadas-cotopaxi.jpg\"><img loading=\"lazy\" decoding=\"async\" class=\"alignleft size-medium wp-image-10136\" src=\"http:\/\/www.ecuadoraldia.com.ec\/wp-content\/uploads\/2015\/08\/zonas-afectadas-cotopaxi-300x200.jpg\" alt=\"zonas afectadas cotopaxi\" width=\"300\" height=\"200\" srcset=\"https:\/\/www.ecuadoraldia.com.ec\/wp-content\/uploads\/2015\/08\/zonas-afectadas-cotopaxi-300x200.jpg 300w, https:\/\/www.ecuadoraldia.com.ec\/wp-content\/uploads\/2015\/08\/zonas-afectadas-cotopaxi.jpg 635w\" sizes=\"(max-width: 300px) 100vw, 300px\" \/><\/a>Un sobrevuelo por las zonas de influencia del volc\u00e1n Cotopaxi. Foto: Imagen tomada del video del Ministerio Coordinador de Seguridad<\/p>\n<p style=\"text-align: justify;\">El Ministerio Coordinador de Seguridad realiz\u00f3 este s\u00e1bado, cerca de las 12:00, un sobrevuelo por las zonas aleda\u00f1as al volc\u00e1n Cotopaxi.<\/p>\n<p style=\"text-align: justify;\">Seg\u00fan la entidad, durante la inspecci\u00f3n a\u00e9rea se observ\u00f3 presencia de ceniza asentada sobre la vegetaci\u00f3n, as\u00ed como, ceniza desplaz\u00e1ndose por el viento en los flancos noroccidente, suroccidente y sur del volc\u00e1n.<\/p>\n<p style=\"text-align: justify;\">El personal de esa Cartera de Estado evidenci\u00f3 que la v\u00eda Quito \u2013 Latacunga est\u00e1 habilitada. El tr\u00e1fico vehicular en ambos sentidos es fluido, detallan en en el comunicado.<\/p>\n<p style=\"text-align: justify;\">As\u00ed tambi\u00e9n explicaron que se visualiza la zona poblada de Latacunga sin novedad. \u201cActividades normales en los diferentes sectores\u201d, agregan.<\/p>\n<p style=\"text-align: justify;\">Tambi\u00e9n recorrieron el r\u00edo Cutuchi y observaron al r\u00edo y las zonas de afluencia con total normalidad, sin mayor afectaci\u00f3n por ca\u00edda de ceniza, concluyen en el bolet\u00edn oficial. (El tel\u00e8grafo)<\/p>\n","protected":false},"excerpt":{"rendered":"<p>Un sobrevuelo por las zonas de influencia del volc\u00e1n Cotopaxi. Foto: Imagen tomada del video del Ministerio Coordinador de Seguridad<\/p>\n","protected":false},"author":1,"featured_media":0,"comment_status":"open","ping_status":"open","sticky":false,"template":"","format":"standard","meta":{"footnotes":""},"categories":[1],"tags":[],"_links":{"self":[{"href":"https:\/\/www.ecuadoraldia.com.ec\/index.php?rest_route=\/wp\/v2\/posts\/10135"}],"collection":[{"href":"https:\/\/www.ecuadoraldia.com.ec\/index.php?rest_route=\/wp\/v2\/posts"}],"about":[{"href":"https:\/\/www.ecuadoraldia.com.ec\/index.php?rest_route=\/wp\/v2\/types\/post"}],"author":[{"embeddable":true,"href":"https:\/\/www.ecuadoraldia.com.ec\/index.php?rest_route=\/wp\/v2\/users\/1"}],"replies":[{"embeddable":true,"href":"https:\/\/www.ecuadoraldia.com.ec\/index.php?rest_route=%2Fwp%2Fv2%2Fcomments&post=10135"}],"version-history":[{"count":1,"href":"https:\/\/www.ecuadoraldia.com.ec\/index.php?rest_route=\/wp\/v2\/posts\/10135\/revisions"}],"predecessor-version":[{"id":10137,"href":"https:\/\/www.ecuadoraldia.com.ec\/index.php?rest_route=\/wp\/v2\/posts\/10135\/revisions\/10137"}],"wp:attachment":[{"href":"https:\/\/www.ecuadoraldia.com.ec\/index.php?rest_route=%2Fwp%2Fv2%2Fmedia&parent=10135"}],"wp:term":[{"taxonomy":"category","embeddable":true,"href":"https:\/\/www.ecuadoraldia.com.ec\/index.php?rest_route=%2Fwp%2Fv2%2Fcategories&post=10135"},{"taxonomy":"post_tag","embeddable":true,"href":"https:\/\/www.ecuadoraldia.com.ec\/index.php?rest_route=%2Fwp%2Fv2%2Ftags&post=10135"}],"curies":[{"name":"wp","href":"https:\/\/api.w.org\/{rel}","templated":true}]}}