{"id":10138,"date":"2015-08-16T15:13:55","date_gmt":"2015-08-16T15:13:55","guid":{"rendered":"http:\/\/www.ecuadoraldia.com.ec\/?p=10138"},"modified":"2015-08-16T15:13:55","modified_gmt":"2015-08-16T15:13:55","slug":"correa-claudicar-ante-esta-gente-seria-retrasar-siglos-al-pais","status":"publish","type":"post","link":"https:\/\/www.ecuadoraldia.com.ec\/?p=10138","title":{"rendered":"Correa: \u201cClaudicar ante esta gente ser\u00eda retrasar siglos al pa\u00eds\u201d"},"content":{"rendered":"<figure id=\"attachment_10139\" aria-describedby=\"caption-attachment-10139\" style=\"width: 296px\" class=\"wp-caption alignleft\"><a href=\"http:\/\/www.ecuadoraldia.com.ec\/wp-content\/uploads\/2015\/08\/rafa1.jpg\"><img loading=\"lazy\" decoding=\"async\" class=\"size-full wp-image-10139\" src=\"http:\/\/www.ecuadoraldia.com.ec\/wp-content\/uploads\/2015\/08\/rafa1.jpg\" alt=\"foto internet\" width=\"296\" height=\"170\" \/><\/a><figcaption id=\"caption-attachment-10139\" class=\"wp-caption-text\">foto internet<\/figcaption><\/figure>\n<p style=\"text-align: justify;\">En su resumen semanal de labores, el Jefe de Estado tambi\u00e9n destac\u00f3 temas como la situaci\u00f3n econ\u00f3mica en la provincia de Carchi y la inflaci\u00f3n.<\/p>\n<p style=\"text-align: justify;\">Los violentos ser\u00e1n sancionados con todo el rigor de la ley. De esta forma el presidente de la Rep\u00fablica, Rafael Correa, se refiri\u00f3 ayer en el enlace sabatino 437 a los actos vand\u00e1licos que se suscitaron el pasado jueves, con motivo del paro de la Confederaci\u00f3n de Nacionalidades Ind\u00edgenas del Ecuador (Conaie) y el Frente Unitario de Trabajadores (FUT), al que se sumaron pol\u00edticos de oposici\u00f3n y dirigentes identificados con el desaparecido MPD.<\/p>\n<p style=\"text-align: justify;\">Si bien durante la ma\u00f1ana y parte de la tarde la jornada del jueves se desarroll\u00f3 con relativa normalidad en el pa\u00eds, desde las 18:00 hubo actos violentos de grupos que participaron en la protesta que arremetieron contra polic\u00edas que controlaban los alrededores de la Plaza Grande, en Quito, incluso, en im\u00e1genes se observ\u00f3 c\u00f3mo otros causaron destrozos en los bienes p\u00fablicos de la capital.<\/p>\n<p style=\"text-align: justify;\">En menor medida tambi\u00e9n en Guayaquil se produjeron algunos hechos violentos, cuando grupos que marcharon junto con el FUT, intentaron romper el cerco policial en el malec\u00f3n Sim\u00f3n Bol\u00edvar para llegar hasta la Gobernaci\u00f3n de Guayas. Hubo quema de llantas y se lanzaron objetos contra los uniformados. Otros desmanes tambi\u00e9n se registraron en Azuay y Loja, as\u00ed como cierre de carreteras en varios puntos de la Sierra, no obstante, el viernes las actividades se reanudaron. Sobre estos hechos, el Mandatario cuestion\u00f3 a varios actores pol\u00edticos, como a V\u00edctor Hugo Erazo, de quien record\u00f3 que en la protesta pasada golpe\u00f3 a unos uniformados y public\u00f3 en su cuenta de Facebook: \u201cVamos a tirar piedras, quemar llantas, tomar Carondelet, a botar al tirano&#8230;\u201d.<\/p>\n<p style=\"text-align: justify;\">Por eso el Jefe de Estado reiter\u00f3 a la ciudadan\u00eda que el gobierno garantiza la paz y el orden. \u201cTuvimos (el jueves) m\u00e1s de 80 polic\u00edas heridos, esta gente es muy violenta, nunca los he visto tan violentos, esta gente quer\u00eda un muerto (&#8230;), fracasaron totalmente\u201d, manifest\u00f3.<\/p>\n<p style=\"text-align: justify;\">\u201cComo si eso fuera poco, f\u00edjense la locura de esta gente: haciendo decretos, no solo que expl\u00edcitamente dicen que van a sacar al Presidente, sino que adem\u00e1s se creen Gobierno; es algo sicol\u00f3gico, tienen que ir a un tratamiento especializado, qu\u00e9 se creen\u201d, cuestion\u00f3.<\/p>\n<p style=\"text-align: justify;\">Critic\u00f3 por ejemplo lo aseverado por el presidente de la Conaie, Jorge Herrera, quien el jueves ordenaba a la Asamblea Nacional el retiro de las enmiendas, y del dirigente de la Ecuarunari, Carlos P\u00e9rez Guartambel, que hab\u00eda aseverado que el Presidente, por dignidad, deb\u00eda renunciar. \u201cPor dignidad, hoy m\u00e1s que nunca debemos continuar con nuestra revoluci\u00f3n\u201d, respondi\u00f3 el Presidente de la Rep\u00fablica.<\/p>\n<p style=\"text-align: justify;\">Y continu\u00f3 con que estos grupos han fracasado, pero advirti\u00f3 que estas manifestaciones continuar\u00e1n, por lo que inst\u00f3 a la ciudadan\u00eda a rechazar estos actos, pues sostuvo que \u201cclaudicar ante este tipo de gente ser\u00eda retrasar siglos este pa\u00eds, no hay derecho para eso, hoy con m\u00e1s \u00e1nimo que nunca esta revoluci\u00f3n no la para nada ni nadie\u201d.<\/p>\n<p style=\"text-align: justify;\">El Jefe de Estado recalc\u00f3 tambi\u00e9n c\u00f3mo algunos medios de comunicaci\u00f3n dieron una amplia cobertura a la marcha ind\u00edgena que parti\u00f3 el 2 de agosto desde Zamora Chinchipe, aunque aclar\u00f3 que m\u00e1s que una caminata se trat\u00f3 de una caravana motorizada, porque los manifestantes viajaban en veh\u00edculos y solamente caminaban cuando ingresaban a las ciudades.<\/p>\n<p style=\"text-align: justify;\">En el enlace tambi\u00e9n ironiz\u00f3 expresiones de pol\u00edticos de derecha que participaron en la jornada, sum\u00e1ndose a los manifestantes, como el caso del l\u00edder del movimiento Creando Oportunidades (CREO), el exbanquero Guillermo Lasso, que en Guayaquil afirm\u00f3 que apoyaba la marcha de los ind\u00edgenas, cuando una de las demandas de este sector es la nacionalizaci\u00f3n de los bancos.<\/p>\n<p style=\"text-align: justify;\">Mencion\u00f3 tambi\u00e9n al empresario bananero y excandidato presidencial \u00c1lvaro Noboa, quien ese d\u00eda sali\u00f3 a protestar en supuesto apoyo a los ind\u00edgenas y trabajadores, cuando otra de las exigencias de los manifestantes es que se eliminen las negociaciones comerciales entre Ecuador y la Uni\u00f3n Europea. \u201cFalta coherencia con el discurso y lo que se hace, estos son claros ejemplos de desestabilizaci\u00f3n de la oposici\u00f3n\u201d, asever\u00f3. El Mandatario manifest\u00f3 que el verdadero ecuatoriano es el que est\u00e1 junto al Gobierno Nacional, que pese a las protestas tiene cerca del 70% de apoyo popular. Por ello, agreg\u00f3 \u201cmantendremos el rumbo de nuestra revoluci\u00f3n\u201d.<\/p>\n<p style=\"text-align: justify;\">Baja inflaci\u00f3n<\/p>\n<p style=\"text-align: justify;\">En la parte final del enlace, el Mandatario destac\u00f3, entre varios aspectos positivos, la baja de la inflaci\u00f3n en el mes de julio. \u201cYa tenemos (los resultados de) la inflaci\u00f3n de julio, en junio nos subi\u00f3 fuertemente, fue la segunda m\u00e1s alta de estos a\u00f1os de Gobierno\u201d, record\u00f3 el Mandatario, tras recalcar que en ese mes se ubic\u00f3 en 0.41%.<\/p>\n<p style=\"text-align: justify;\">Record\u00f3 que en esa ocasi\u00f3n salieron \u201cseudoanalistas\u201d diciendo que el repunte de la inflaci\u00f3n se deb\u00eda a las salvaguardias que impuso el Gobierno, cuando en realidad aquello se debi\u00f3 al duro y prolongado invierno que da\u00f1\u00f3 carreteras e impidi\u00f3 el paso de veh\u00edculos y encareci\u00f3 algunos productos.<\/p>\n<p style=\"text-align: justify;\">\u201cSalieron los mentirosos de siempre a decir que fueron las salvaguardias, pero esas siguen y en julio se redujo la inflaci\u00f3n y ahora est\u00e1 en negativo\u201d, destac\u00f3.<\/p>\n<p style=\"text-align: justify;\">En junio fue fuerte, prosigui\u00f3, pero ahora tenemos una inflaci\u00f3n negativa porque ya se ajustaron los precios (el reporte es de -0,08%) y en julio la inflaci\u00f3n acumulada es de menos del 3%.<\/p>\n<p style=\"text-align: justify;\">\u201cSe trat\u00f3 de un problema temporal que hab\u00eda encarecido los v\u00edveres, pero una vez que pas\u00f3, los precios bajaron\u201d, reiter\u00f3 el Jefe de Estado.<\/p>\n<p style=\"text-align: justify;\">Seg\u00fan consultora internacional<\/p>\n<p style=\"text-align: justify;\">Ecuador es el que mejor aprovecha riqueza petrolera<\/p>\n<p style=\"text-align: justify;\">De 46 naciones petroleras, Ecuador es el pa\u00eds l\u00edder del mundo en convertir su riqueza y crecimiento en bienestar para sus ciudadanos, seg\u00fan anunci\u00f3 el Jefe de Estado. Esto lo corrobora la consultora privada Boston Consulting Group con datos del Banco Mundial (BM).<\/p>\n<p style=\"text-align: justify;\">El informe determina que Ecuador es el que mejor ha aprovechado los recursos petroleros para transformarlos en calidad de vida y bienestar para sus ciudadanos, con bienes p\u00fablicos, infraestructura, disminuci\u00f3n de la desigualdad, mayor justicia social, mejoras en servicios con la acci\u00f3n colectiva y un Estado que ha sabido recaudar impuestos y utilizar sus recursos petroleros en la generaci\u00f3n de oportunidades.<\/p>\n<p style=\"text-align: justify;\">La informaci\u00f3n revela que las naciones ricas en petr\u00f3leo tienen bajo promedio en convertir su riqueza y crecimiento en bienestar, \u201cla excepci\u00f3n es Ecuador que tiene un coeficiente de crecimiento y bienestar muy por encima de la media y ha tenido un fuerte progreso en igualdad de ingreso e infraestructura\u201d. Esto debido a los progresos que el gobierno ha impulsado.<\/p>\n<p style=\"text-align: justify;\">El estudio publicado por la consultora confirma que Ecuador no ha desperdiciado la riqueza petrolera y que es el pa\u00eds que mejor ha aprovechado a nivel mundial esos ingresos para el buen vivir de sus ciudadanos.<\/p>\n<p style=\"text-align: justify;\">Con este anuncio, el Jefe de Estado reiter\u00f3 que Ecuador, de lejos, ha sabido convertir su riqueza en bienestar ciudadano \u201cy contra los que marchan: qu\u00e9 despistados que est\u00e1n\u201d.<\/p>\n<p style=\"text-align: justify;\">Cr\u00e9ditos flexibles del BNF<\/p>\n<p style=\"text-align: justify;\">Sector productivo de Carchi recibir\u00e1 toda la atenci\u00f3n<\/p>\n<p style=\"text-align: justify;\">Antes del enlace, el Mandatario se reuni\u00f3 con su gabinete en el cant\u00f3n imbabure\u00f1o, en donde atendi\u00f3 a representantes de sectores productivos de Carchi. Ellos le expusieron la dif\u00edcil situaci\u00f3n econ\u00f3mica por la que atraviesan, debido a la apreciaci\u00f3n del d\u00f3lar y a la devaluaci\u00f3n del peso colombiano que abarat\u00f3 los productos del pa\u00eds vecino.<\/p>\n<p style=\"text-align: justify;\">\u201cLo que pasa en Carchi se llama dolarizaci\u00f3n, donde todo se encareci\u00f3 y por eso la gente se va a Colombia porque all\u00e1 todo es m\u00e1s barato, porque devalu\u00f3 su moneda en 54%\u201d, record\u00f3 el Jefe de Estado.<\/p>\n<p style=\"text-align: justify;\">De all\u00ed que expuso algunas soluciones como cr\u00e9ditos flexibles del Banco Nacional de Fomento (BNF), eliminaci\u00f3n del anticipo del impuesto a la renta para el sector comercial, entre otros aspectos que se trataron con delegaciones de comerciantes de Carchi que acudieron a Pimampiro, aunque lament\u00f3 que no hayan asistido autoridades como el Prefecto y 6 de los 7 alcaldes de esa provincia.<\/p>\n<p style=\"text-align: justify;\">La reuni\u00f3n se efectu\u00f3 en el auditorio del Municipio de Pimampiro. Gustavo Pareja, alcalde de Otavalo, coment\u00f3 que si bien faltan proyectos por realizarse en este periodo de Gobierno se han hecho 3 obras fundamentales, como la autov\u00eda Otavalo-Ibarra, el proyecto Pesillo-Imbabura y la rehabilitaci\u00f3n del Ferrocarril. El alcalde de Urcuqu\u00ed, Julio Cruz, agradeci\u00f3 el aporte del Gobierno para el fortalecimiento de la Empresa P\u00fablica de Agua Potable. (El Tel\u00e8grafo)<\/p>\n","protected":false},"excerpt":{"rendered":"<p>En su resumen semanal de labores, el Jefe de Estado tambi\u00e9n destac\u00f3 temas como la situaci\u00f3n econ\u00f3mica en la provincia<\/p>\n","protected":false},"author":1,"featured_media":0,"comment_status":"open","ping_status":"open","sticky":false,"template":"","format":"standard","meta":{"footnotes":""},"categories":[3],"tags":[],"_links":{"self":[{"href":"https:\/\/www.ecuadoraldia.com.ec\/index.php?rest_route=\/wp\/v2\/posts\/10138"}],"collection":[{"href":"https:\/\/www.ecuadoraldia.com.ec\/index.php?rest_route=\/wp\/v2\/posts"}],"about":[{"href":"https:\/\/www.ecuadoraldia.com.ec\/index.php?rest_route=\/wp\/v2\/types\/post"}],"author":[{"embeddable":true,"href":"https:\/\/www.ecuadoraldia.com.ec\/index.php?rest_route=\/wp\/v2\/users\/1"}],"replies":[{"embeddable":true,"href":"https:\/\/www.ecuadoraldia.com.ec\/index.php?rest_route=%2Fwp%2Fv2%2Fcomments&post=10138"}],"version-history":[{"count":1,"href":"https:\/\/www.ecuadoraldia.com.ec\/index.php?rest_route=\/wp\/v2\/posts\/10138\/revisions"}],"predecessor-version":[{"id":10140,"href":"https:\/\/www.ecuadoraldia.com.ec\/index.php?rest_route=\/wp\/v2\/posts\/10138\/revisions\/10140"}],"wp:attachment":[{"href":"https:\/\/www.ecuadoraldia.com.ec\/index.php?rest_route=%2Fwp%2Fv2%2Fmedia&parent=10138"}],"wp:term":[{"taxonomy":"category","embeddable":true,"href":"https:\/\/www.ecuadoraldia.com.ec\/index.php?rest_route=%2Fwp%2Fv2%2Fcategories&post=10138"},{"taxonomy":"post_tag","embeddable":true,"href":"https:\/\/www.ecuadoraldia.com.ec\/index.php?rest_route=%2Fwp%2Fv2%2Ftags&post=10138"}],"curies":[{"name":"wp","href":"https:\/\/api.w.org\/{rel}","templated":true}]}}