{"id":10161,"date":"2015-08-20T12:03:46","date_gmt":"2015-08-20T12:03:46","guid":{"rendered":"http:\/\/www.ecuadoraldia.com.ec\/?p=10161"},"modified":"2015-08-20T12:03:46","modified_gmt":"2015-08-20T12:03:46","slug":"sindicales-y-legisladores-llegan-a-acuerdos","status":"publish","type":"post","link":"https:\/\/www.ecuadoraldia.com.ec\/?p=10161","title":{"rendered":"Sindicales y legisladores llegan a acuerdos"},"content":{"rendered":"<p style=\"text-align: justify;\"><a href=\"http:\/\/www.ecuadoraldia.com.ec\/wp-content\/uploads\/2015\/08\/pol-sindicales.jpg\"><img loading=\"lazy\" decoding=\"async\" class=\"alignleft size-medium wp-image-10162\" src=\"http:\/\/www.ecuadoraldia.com.ec\/wp-content\/uploads\/2015\/08\/pol-sindicales-300x209.jpg\" alt=\"-pol-sindicales\" width=\"300\" height=\"209\" srcset=\"https:\/\/www.ecuadoraldia.com.ec\/wp-content\/uploads\/2015\/08\/pol-sindicales-300x209.jpg 300w, https:\/\/www.ecuadoraldia.com.ec\/wp-content\/uploads\/2015\/08\/pol-sindicales.jpg 384w\" sizes=\"(max-width: 300px) 100vw, 300px\" \/><\/a>Delegados de la Central Unitaria de Trabajadores (CUT), del Parlamento Laboral y la Subcomisi\u00f3n de Derechos de los Trabajadores de la Asamblea Nacional alcanzaron acuerdos que -seg\u00fan dijeron- garantizar\u00e1n el derecho de sindicalizaci\u00f3n y de negociaci\u00f3n colectiva para los servidores p\u00fablicos, as\u00ed como la salud y seguridad de los agricultores.<\/p>\n<p style=\"text-align: justify;\">El acuerdo se logr\u00f3 luego de dos reuniones. La primera fue el 31 de julio pasado, cuando se efectu\u00f3 un di\u00e1logo con el sector laboral. All\u00ed se resolvi\u00f3 instalar una mesa bipartita con 4 representantes de la CUT, 4 del Parlamento Laboral y 5 de la Subcomisi\u00f3n.<\/p>\n<p style=\"text-align: justify;\">La semana pasada esta mesa realiz\u00f3 la primera sesi\u00f3n para definir la forma en que van a funcionar y cu\u00e1les ser\u00e1n los ejes a tratar entre autoridades y centrales sindicales. El proceso durar\u00e1 hasta diciembre pr\u00f3ximo.<\/p>\n<p style=\"text-align: justify;\">El primer eje era el referente a las enmiendas constitucionales, que ata\u00f1en a los derechos laborales, lo que fue tratado el martes pasado. En ese encuentro se alcanzaron los acuerdos que ahora ser\u00e1n enviados al presidente Rafael Correa.<\/p>\n<p style=\"text-align: justify;\">Oswaldo Chica, presidente de la CUT, explic\u00f3 que los acuerdos logrados permitir\u00e1n iniciar el tr\u00e1mite para la ratificaci\u00f3n de tres convenios de la Organizaci\u00f3n Internacional del Trabajo (OIT), que estaban pendientes desde 1981.<\/p>\n<p style=\"text-align: justify;\">El convenio 151 de la OIT es uno de ellos. \u00c9ste se refiere a las relaciones del trabajo en la administraci\u00f3n p\u00fablica; el otro es el convenio 154, que tiene que ver con el derecho a la negociaci\u00f3n colectiva; y el 184 que garantiza y hace efectivo el derecho a la Seguridad Social y la salud en la agricultura.<\/p>\n<p style=\"text-align: justify;\">Para Chica y otros l\u00edderes que conforman la CUT, entre ellos Richard G\u00f3mez y Liliana Dur\u00e1n, los acuerdos servir\u00e1n para \u201cfundamentar la supresi\u00f3n de las enmiendas (constitucionales) relativas a los trabajadores\u201d, presentadas meses atr\u00e1s por el Ejecutivo.<\/p>\n<p style=\"text-align: justify;\">Los l\u00edderes de la CUT, integrada por 15 organizaciones de trabajadores y que representan a 600 movimientos obreros del pa\u00eds, explicaron que los acuerdos se lograron con base en el di\u00e1logo y no mediante la violencia ni paros.<\/p>\n<p style=\"text-align: justify;\">Por eso Chica llam\u00f3 a deponer \u201cposturas pol\u00edticas\u201d y no hacer el juego al \u201cintento desestabilizador\u201d de la derecha opositora, en relaci\u00f3n a la protesta del Frente Unitario de Trabajadores (FUT), a la que se han sumado agrupaciones de derecha.<\/p>\n<p style=\"text-align: justify;\">Por ello los dirigentes de la CUT coincidieron en expresar apoyo al Gobierno y a la democracia. Resaltaron los cambios econ\u00f3micos y sociales logrados que han permitido atender demandas hist\u00f3ricas de los trabajadores como el salario digno, la estabilidad laboral, la eliminaci\u00f3n de la tercerizaci\u00f3n, la ampliaci\u00f3n de la seguridad social, entre otros beneficios.<\/p>\n<p style=\"text-align: justify;\">Chica, Dur\u00e1n y G\u00f3mez expresaron el \u201crechazo categ\u00f3rico de la CUT a la injustificada e ileg\u00edtima marcha ind\u00edgena que no representa el sentir mayoritario de la clase trabajadora ni del pueblo ecuatoriano, as\u00ed como a la pretendida convocatoria a huelga nacional por parte de la rancia dirigencia del FUT\u201d.<\/p>\n<p style=\"text-align: justify;\">A\u00f1adieron que esas acciones de protesta, paros y violencia han sido \u201cinstrumentalizadas por los poderes olig\u00e1rquicos para atentar contra el desarrollo nacional y generar caos social\u201d.<\/p>\n<p style=\"text-align: justify;\">Por ello, advirtieron que se mantendr\u00e1n en vigilia permanente para defender al Gobierno y la democracia, y que no atender\u00e1n el llamado al paro por parte de cierta dirigencia de los trabajadores.<\/p>\n<p style=\"text-align: justify;\">Las 16 enmiendas constitucionales actualmente son socializadas en los territorios. Este proceso terminar\u00e1 en octubre, a partir de all\u00ed los legisladores elaborar\u00e1n el informe para segundo y definitivo debate.<\/p>\n<p style=\"text-align: justify;\">Esa discusi\u00f3n se realizar\u00eda en diciembre pr\u00f3ximo y all\u00ed se archivar\u00edan, seg\u00fan han adelantado los dirigentes de la CUT, las enmiendas relacionadas al servicio p\u00fablico. Los trabajadores temen que el cambio limite su derecho a la huelga y a la negociaci\u00f3n colectiva. (I)<\/p>\n<p>Datos<\/p>\n<p>La Central Unitaria de Trabajadores (CUT) se autodefine como un frente nacional de trabajadores del campo y la ciudad, empleados, artesanos y aut\u00f3nomos, p\u00fablicos y privados, formales e informales.<\/p>\n<p>La integran el Foro Nacional de la Mujer, Asamblea Plurinacional e Intercultural para el Buen Vivir, Junta Nacional de Defensa del Artesano, Confederaci\u00f3n Unitaria de Trabajadoras y Trabajadores Aut\u00f3nomos del Ecuador (El telegrafo).<\/p>\n<p>&nbsp;<\/p>\n","protected":false},"excerpt":{"rendered":"<p>Delegados de la Central Unitaria de Trabajadores (CUT), del Parlamento Laboral y la Subcomisi\u00f3n de Derechos de los Trabajadores de<\/p>\n","protected":false},"author":1,"featured_media":0,"comment_status":"open","ping_status":"open","sticky":false,"template":"","format":"standard","meta":{"footnotes":""},"categories":[3],"tags":[],"_links":{"self":[{"href":"https:\/\/www.ecuadoraldia.com.ec\/index.php?rest_route=\/wp\/v2\/posts\/10161"}],"collection":[{"href":"https:\/\/www.ecuadoraldia.com.ec\/index.php?rest_route=\/wp\/v2\/posts"}],"about":[{"href":"https:\/\/www.ecuadoraldia.com.ec\/index.php?rest_route=\/wp\/v2\/types\/post"}],"author":[{"embeddable":true,"href":"https:\/\/www.ecuadoraldia.com.ec\/index.php?rest_route=\/wp\/v2\/users\/1"}],"replies":[{"embeddable":true,"href":"https:\/\/www.ecuadoraldia.com.ec\/index.php?rest_route=%2Fwp%2Fv2%2Fcomments&post=10161"}],"version-history":[{"count":1,"href":"https:\/\/www.ecuadoraldia.com.ec\/index.php?rest_route=\/wp\/v2\/posts\/10161\/revisions"}],"predecessor-version":[{"id":10163,"href":"https:\/\/www.ecuadoraldia.com.ec\/index.php?rest_route=\/wp\/v2\/posts\/10161\/revisions\/10163"}],"wp:attachment":[{"href":"https:\/\/www.ecuadoraldia.com.ec\/index.php?rest_route=%2Fwp%2Fv2%2Fmedia&parent=10161"}],"wp:term":[{"taxonomy":"category","embeddable":true,"href":"https:\/\/www.ecuadoraldia.com.ec\/index.php?rest_route=%2Fwp%2Fv2%2Fcategories&post=10161"},{"taxonomy":"post_tag","embeddable":true,"href":"https:\/\/www.ecuadoraldia.com.ec\/index.php?rest_route=%2Fwp%2Fv2%2Ftags&post=10161"}],"curies":[{"name":"wp","href":"https:\/\/api.w.org\/{rel}","templated":true}]}}