{"id":10164,"date":"2015-08-20T12:07:37","date_gmt":"2015-08-20T12:07:37","guid":{"rendered":"http:\/\/www.ecuadoraldia.com.ec\/?p=10164"},"modified":"2015-08-20T12:07:37","modified_gmt":"2015-08-20T12:07:37","slug":"movimientos-sociales-marchan-para-defender-la-democracia-en-brasil","status":"publish","type":"post","link":"https:\/\/www.ecuadoraldia.com.ec\/?p=10164","title":{"rendered":"Movimientos sociales marchan para defender la democracia en Brasil"},"content":{"rendered":"<figure id=\"attachment_10165\" aria-describedby=\"caption-attachment-10165\" style=\"width: 300px\" class=\"wp-caption alignleft\"><a href=\"http:\/\/www.ecuadoraldia.com.ec\/wp-content\/uploads\/2015\/08\/20-08-15-presdentaBrasil-4.jpg\"><img loading=\"lazy\" decoding=\"async\" class=\"size-medium wp-image-10165\" src=\"http:\/\/www.ecuadoraldia.com.ec\/wp-content\/uploads\/2015\/08\/20-08-15-presdentaBrasil-4-300x199.jpg\" alt=\"BRAZIL-AGRICULTURE-MARCH-DAISIES-ROUSSEFF\" width=\"300\" height=\"199\" srcset=\"https:\/\/www.ecuadoraldia.com.ec\/wp-content\/uploads\/2015\/08\/20-08-15-presdentaBrasil-4-300x199.jpg 300w, https:\/\/www.ecuadoraldia.com.ec\/wp-content\/uploads\/2015\/08\/20-08-15-presdentaBrasil-4.jpg 304w\" sizes=\"(max-width: 300px) 100vw, 300px\" \/><\/a><figcaption id=\"caption-attachment-10165\" class=\"wp-caption-text\">BRAZIL-AGRICULTURE-MARCH-DAISIES-ROUSSEFF<\/figcaption><\/figure>\n<p style=\"text-align: justify;\">AFP. La avanzada destituyente y golpista en Brasil ser\u00e1 contrarrestada hoy con la convocatoria para \u201cDefender la Democracia\u201d organizada por el oficialista Partido de los Trabajadores (PT), los movimientos sociales y las centrales sindicales.<\/p>\n<p style=\"text-align: justify;\">La movilizaci\u00f3n pretende defender el mandato de la presidenta Dilma Rousseff, pero tambi\u00e9n exigir el cese de gran parte del ajuste fiscal para evitar a\u00fan m\u00e1s efectos recesivos causados por algunas l\u00edneas de la pol\u00edtica econ\u00f3mica, el freno a la inversi\u00f3n provocado por el esc\u00e1ndalo de corrupci\u00f3n en Petrobras, la situaci\u00f3n externa y la crisis pol\u00edtica interna.<\/p>\n<p style=\"text-align: justify;\">\u201cLleg\u00f3 el momento de ir a las calles a defender los derechos laborales, las conquistas sociales de los \u00faltimos a\u00f1os y, m\u00e1s all\u00e1 de todo, para defender la democracia. S\u00famate a la movilizaci\u00f3n que unir\u00e1 a movimientos sociales, partidos pol\u00edticos, centrales sindicales y todos aquellos que creen que Brasil es mayor que cualquier crisis. Participe y fortalezca nuestra democracia\u201d, dijo el PT en su espacio televisivo.<\/p>\n<p style=\"text-align: justify;\">Uno de los principales motores de la marcha es la Central \u00danica de Trabajadores (CUT), la m\u00e1s grande de Am\u00e9rica Latina y brazo sindical del PT, fundada por Luiz In\u00e1cio Lula da Silva en 1982.<\/p>\n<p style=\"text-align: justify;\">\u201cVamos a marchar contra la derecha golpista, en defensa de la clase trabajadora, en contra de los derrotados que perdieron las elecciones (&#8230;) Pero tambi\u00e9n porque estamos en contra del paquete econ\u00f3mico que est\u00e1 siendo instituido y que creemos no nos har\u00e1 salir de la crisis\u201d, afirm\u00f3 Vagner Freitas, presidente de la CUT.<\/p>\n<p style=\"text-align: justify;\">Unas 700.000 personas convocadas por la oposici\u00f3n en todo Brasil marcharon el domingo pasado para pedir la destituci\u00f3n de Rousseff. El movimiento opositor fue menor en cantidad que otros que se hab\u00edan registrado en marzo, pero marc\u00f3 su tendencia ideol\u00f3gica a favor de una intervenci\u00f3n militar e, incluso, el fin de la rep\u00fablica para reinstaurar la monarqu\u00eda abolida en 1889.<\/p>\n<p style=\"text-align: justify;\">\u201cPor qu\u00e9 no los mataron a todos en 1964?\u201d, dec\u00eda una pancarta en la manifestaci\u00f3n de Sao Paulo, recordando el a\u00f1o del golpe militar que instal\u00f3 la dictadura hasta 1985, durante la cual fueron presos pol\u00edticos figuras como Rousseff y Lula.<\/p>\n<p style=\"text-align: justify;\">Al calor de las manifestaciones, el opositor Partido de la Social Democracia Brasile\u00f1a (PSDB) se ha corrido m\u00e1s hacia la derecha y abiertamente est\u00e1 trabajando para la ca\u00edda de Rousseff y con un escenario con el vicepresidente Michel Temer en el comando. Tambi\u00e9n dirigentes del PSDB est\u00e1n siendo investigados al igual que los del PT y otros por las donaciones de campa\u00f1a realizadas por las empresas que corrompieron funcionarios en Petrobras para ganar contratos. Sin embargo, el PSDB, acusado de comprar votos para la reforma constitucional que permiti\u00f3 en 1998 la reelecci\u00f3n de Fernando Henrique Cardoso, se muestra como reserva moral del pa\u00eds.<\/p>\n<p style=\"text-align: justify;\">\u201cEl sentimiento despu\u00e9s de las manifestaciones es que el gobierno, si bien es legal, es ileg\u00edtimo. Si la propia presidenta no es capaz de un gesto de grandeza (renuncia o admisi\u00f3n de errores para el camino de la recuperaci\u00f3n) asistiremos a la desarticulaci\u00f3n del gobierno\u201d, escribi\u00f3 Fernando Henrique Cardoso, quien gobern\u00f3 entre 1995 y 2002, en su p\u00e1gina de Facebook.<\/p>\n<p style=\"text-align: justify;\">\u201cEn vez de hablar como estadista, que es lo que se espera de un expresidente, Cardoso habla como el jefe de una hinchada. Si fuera por poco apoyo y situaci\u00f3n de crisis econ\u00f3mica, \u00e9l tendr\u00eda que haber dejado el gobierno en su \u00e9poca\u201d, rebati\u00f3 el l\u00edder del bloque de senadores del PT, Humberto Costa.<\/p>\n<p style=\"text-align: justify;\">\u201cYo no s\u00e9 si el gobierno tendr\u00eda esa grandeza\u201d, a\u00f1adi\u00f3 Aecio Neves, el candidato opositor derrotado por Rousseff el a\u00f1o pasado en dos vueltas electorales que particip\u00f3 del acto del domingo pasado en Belo Horizonte, Minas Gerais. Neves revel\u00f3 que est\u00e1 negociando con sectores del PMDB del vicepresidente Michel Temer.<\/p>\n<p>Neves dijo que esperar\u00e1 el resultado de fallos del Tribunal de Cuentas de la Uni\u00f3n y del Tribunal Superior Electoral sobre denuncias contra Rousseff que, si son confirmadas, puedan desembocar en un proceso de juicio pol\u00edtico. Parte del PSDB se pronunci\u00f3 a favor de llamar a elecciones anticipadas.<\/p>\n<p>Otro excandidato presidencial del PSDB, el senador Jos\u00e9 Serra, previ\u00f3 que \u201ces dif\u00edcil que Dilma pueda terminar su mandato\u201d en 2018 y dijo que el partido opositor se prepara para ocupar espacio en la administraci\u00f3n p\u00fablica como ocurri\u00f3 cuando se sum\u00f3 al oficialismo y arrop\u00f3 al vicepresidente Itamar Franco tras la renuncia de Fernando Collor de Mello en 1992. Serra, seg\u00fan Folha de Sao Paulo, se propuso como ministro de Econom\u00eda en caso de triunfar el movimiento destituyente.<\/p>\n<p>M\u00e1s moderaci\u00f3n ha mostrado un presidenciable opositor del PSDB para 2018, el gobernador paulista Geraldo Alckmin, quien se opone a la l\u00ednea de Neves y de los que claman por adelantar elecciones, sobre todo porque afectar\u00eda el clima pol\u00edtico a los gobiernos regionales.<\/p>\n<p>La presidenta Rousseff gan\u00f3 un poco de ox\u00edgeno desde la semana pasada, cuando lleg\u00f3 a un acuerdo con uno de los caciques pol\u00edticos m\u00e1s poderosos del pa\u00eds, el presidente del Senado, Ren\u00e1n Calheiros, del aliado Partido del Movimiento de la Democracia Brasile\u00f1a (PMDB), y aisl\u00f3 a su gran escollo en lo que va del a\u00f1o, el titular de Diputados, el ultraconservador Eduardo Cunha.<\/p>\n<p>La aproximaci\u00f3n a Calheiros tambi\u00e9n vino de la mano de las principales centrales empresarias del comercio y la industria de R\u00edo de Janeiro y Sao Paulo que se pronunciaron por la \u201cestabilidad institucional\u201d como mejor escenario para luchar contra la crisis, teniendo en cuenta que las proyecciones privadas apuntan ca\u00edda del 2% en el Producto Interno Bruto de 2015, con inflaci\u00f3n cercana al 9% y menos contrataciones de empleo.<\/p>\n<p>Mientras el PSDB se radicaliz\u00f3, los sectores del establishment recibieron se\u00f1ales diferentes, como una opini\u00f3n del The New York Times a favor de mantener a Rousseff pese a que la econom\u00eda est\u00e1 \u201cestropeada\u201d y la llegada en visita oficial de la canciller alemana, Angela Merkel, para reunirse con la mandataria brasile\u00f1a. (AFP)<\/p>\n","protected":false},"excerpt":{"rendered":"<p>AFP. La avanzada destituyente y golpista en Brasil ser\u00e1 contrarrestada hoy con la convocatoria para \u201cDefender la Democracia\u201d organizada por<\/p>\n","protected":false},"author":1,"featured_media":0,"comment_status":"open","ping_status":"open","sticky":false,"template":"","format":"standard","meta":{"footnotes":""},"categories":[7],"tags":[],"_links":{"self":[{"href":"https:\/\/www.ecuadoraldia.com.ec\/index.php?rest_route=\/wp\/v2\/posts\/10164"}],"collection":[{"href":"https:\/\/www.ecuadoraldia.com.ec\/index.php?rest_route=\/wp\/v2\/posts"}],"about":[{"href":"https:\/\/www.ecuadoraldia.com.ec\/index.php?rest_route=\/wp\/v2\/types\/post"}],"author":[{"embeddable":true,"href":"https:\/\/www.ecuadoraldia.com.ec\/index.php?rest_route=\/wp\/v2\/users\/1"}],"replies":[{"embeddable":true,"href":"https:\/\/www.ecuadoraldia.com.ec\/index.php?rest_route=%2Fwp%2Fv2%2Fcomments&post=10164"}],"version-history":[{"count":1,"href":"https:\/\/www.ecuadoraldia.com.ec\/index.php?rest_route=\/wp\/v2\/posts\/10164\/revisions"}],"predecessor-version":[{"id":10166,"href":"https:\/\/www.ecuadoraldia.com.ec\/index.php?rest_route=\/wp\/v2\/posts\/10164\/revisions\/10166"}],"wp:attachment":[{"href":"https:\/\/www.ecuadoraldia.com.ec\/index.php?rest_route=%2Fwp%2Fv2%2Fmedia&parent=10164"}],"wp:term":[{"taxonomy":"category","embeddable":true,"href":"https:\/\/www.ecuadoraldia.com.ec\/index.php?rest_route=%2Fwp%2Fv2%2Fcategories&post=10164"},{"taxonomy":"post_tag","embeddable":true,"href":"https:\/\/www.ecuadoraldia.com.ec\/index.php?rest_route=%2Fwp%2Fv2%2Ftags&post=10164"}],"curies":[{"name":"wp","href":"https:\/\/api.w.org\/{rel}","templated":true}]}}