{"id":10168,"date":"2015-08-20T23:26:44","date_gmt":"2015-08-20T23:26:44","guid":{"rendered":"http:\/\/www.ecuadoraldia.com.ec\/?p=10168"},"modified":"2015-08-20T23:26:44","modified_gmt":"2015-08-20T23:26:44","slug":"comunicadores-exigen-respeto-a-la-labor-periodistica","status":"publish","type":"post","link":"https:\/\/www.ecuadoraldia.com.ec\/?p=10168","title":{"rendered":"Comunicadores exigen respeto a la labor period\u00edstica"},"content":{"rendered":"<figure id=\"attachment_10169\" aria-describedby=\"caption-attachment-10169\" style=\"width: 270px\" class=\"wp-caption alignleft\"><a href=\"http:\/\/www.ecuadoraldia.com.ec\/wp-content\/uploads\/2015\/08\/agresi.jpg\"><img loading=\"lazy\" decoding=\"async\" class=\"size-full wp-image-10169\" src=\"http:\/\/www.ecuadoraldia.com.ec\/wp-content\/uploads\/2015\/08\/agresi.jpg\" alt=\"CREATOR: gd-jpeg v1.0 (using IJG JPEG v62), quality = 90\" width=\"270\" height=\"179\" \/><\/a><figcaption id=\"caption-attachment-10169\" class=\"wp-caption-text\">CREATOR: gd-jpeg v1.0 (using IJG JPEG v62), quality = 90<\/figcaption><\/figure>\n<p style=\"text-align: justify;\">M\u00e1s de 68 periodistas, adem\u00e1s de fot\u00f3grafos y camar\u00f3grafos, que actualmente laboran en medios p\u00fablicos, privados y comunitarios, adem\u00e1s de agencias internacionales, emitieron a t\u00edtulo personal esta ma\u00f1ana un manifiesto en donde rechazan las agresiones que provengan de cualquier sector de la sociedad al oficio period\u00edstico.<\/p>\n<p style=\"text-align: justify;\">Los comunicadores sociales se reunieron en la Campana de La Paz, en el parque La Carolina, en Quito, en un acto simb\u00f3lico, en donde bajaron sus grabadoras, c\u00e1maras fotogr\u00e1ficas y filmadoras y al un\u00edsono gritaron: \u00ab\u00a1No m\u00e1s agresiones a periodistas!\u00bb.<\/p>\n<p style=\"text-align: justify;\">Luego de ello, representantes de medios p\u00fablicos, privados, comunitarios, adem\u00e1s de agencias internacionales, leyeron un manifiesto, en donde expresaron la preocupaci\u00f3n por las constantes agresiones de las que son v\u00edctimas y que se acentuaron en los \u00faltimos d\u00edas contra quienes ejercen esta profesi\u00f3n.<\/p>\n<p style=\"text-align: justify;\">\u00abQuienes laboramos en radio, televisi\u00f3n, prensa escrita y portales multimedia rechazamos categ\u00f3ricamente las ofensas y ataques suscitados durante las marchas, contramarchas, plantones y coberturas convocadas por gremios o entidades p\u00fablicas y privadas\u00bb, se\u00f1alaron .<br \/>\nLos integrantes del colectivo No m\u00e1s agresiones a periodistas, que no pertenecen a ning\u00fan gremio ni organizaci\u00f3n pol\u00edtica ni social, manifestaron que las diversas convocatorias partidistas se han convertido en escenario de agresiones que afectan el normal desarrollo del trabajo al ser v\u00edctimas de insultos, acoso y amedrentamiento. \u00abVarios colegas hemos recibido golpes, empujones, insultos y el retiro por la fuerza de nuestros implementos de trabajo: c\u00e1maras, libretas, grabadoras, celulares, lo que representa no solo un perjuicio econ\u00f3mico sino un atentado a nuestro ejercicio profesional\u00bb, indicaron.<\/p>\n<p style=\"text-align: justify;\">Tambi\u00e9n exigieron a los actores pol\u00edticos, autoridades y funcionarios de entidades p\u00fablicas y privadas no acentuar ese clima de violencia, evitar generalizaciones y acusaciones infundadas, y conceder las facilidades \u00abpara ejercer nuestra profesi\u00f3n, tan digna y honesta como cualquier otra\u00bb.<br \/>\nTambi\u00e9n en la cita estuvieron los representantes de la Asociaci\u00f3n de Trabajadores de la Comunicaci\u00f3n (Asotec), que en su mayor\u00eda est\u00e1 integrada por camar\u00f3grafos, quienes exigieron tambi\u00e9n respeto a la profesi\u00f3n.<\/p>\n<p style=\"text-align: justify;\">Germ\u00e1n Valencia, presidente de la Asociaci\u00f3n de Trabajadores de la Comunicaci\u00f3n (Asotec), record\u00f3 que los camar\u00f3grafos y fot\u00f3grafos no sienten seguridad por parte de los diferentes sectores de la sociedad en su trabajo. \u00abSomos agredidos f\u00edsica y verbalmente y nosotros simplemente hacemos nuestro trabajo con pasi\u00f3n y profesionalismo, no tenemos ninguna bander\u00eda pol\u00edtica ni nada por el estilo\u00bb, dijo. (El Tel\u00e9grafo)<\/p>\n","protected":false},"excerpt":{"rendered":"<p>M\u00e1s de 68 periodistas, adem\u00e1s de fot\u00f3grafos y camar\u00f3grafos, que actualmente laboran en medios p\u00fablicos, privados y comunitarios, adem\u00e1s de<\/p>\n","protected":false},"author":1,"featured_media":0,"comment_status":"open","ping_status":"open","sticky":false,"template":"","format":"standard","meta":{"footnotes":""},"categories":[4],"tags":[],"_links":{"self":[{"href":"https:\/\/www.ecuadoraldia.com.ec\/index.php?rest_route=\/wp\/v2\/posts\/10168"}],"collection":[{"href":"https:\/\/www.ecuadoraldia.com.ec\/index.php?rest_route=\/wp\/v2\/posts"}],"about":[{"href":"https:\/\/www.ecuadoraldia.com.ec\/index.php?rest_route=\/wp\/v2\/types\/post"}],"author":[{"embeddable":true,"href":"https:\/\/www.ecuadoraldia.com.ec\/index.php?rest_route=\/wp\/v2\/users\/1"}],"replies":[{"embeddable":true,"href":"https:\/\/www.ecuadoraldia.com.ec\/index.php?rest_route=%2Fwp%2Fv2%2Fcomments&post=10168"}],"version-history":[{"count":1,"href":"https:\/\/www.ecuadoraldia.com.ec\/index.php?rest_route=\/wp\/v2\/posts\/10168\/revisions"}],"predecessor-version":[{"id":10170,"href":"https:\/\/www.ecuadoraldia.com.ec\/index.php?rest_route=\/wp\/v2\/posts\/10168\/revisions\/10170"}],"wp:attachment":[{"href":"https:\/\/www.ecuadoraldia.com.ec\/index.php?rest_route=%2Fwp%2Fv2%2Fmedia&parent=10168"}],"wp:term":[{"taxonomy":"category","embeddable":true,"href":"https:\/\/www.ecuadoraldia.com.ec\/index.php?rest_route=%2Fwp%2Fv2%2Fcategories&post=10168"},{"taxonomy":"post_tag","embeddable":true,"href":"https:\/\/www.ecuadoraldia.com.ec\/index.php?rest_route=%2Fwp%2Fv2%2Ftags&post=10168"}],"curies":[{"name":"wp","href":"https:\/\/api.w.org\/{rel}","templated":true}]}}