{"id":10171,"date":"2015-08-20T23:29:34","date_gmt":"2015-08-20T23:29:34","guid":{"rendered":"http:\/\/www.ecuadoraldia.com.ec\/?p=10171"},"modified":"2015-08-20T23:29:34","modified_gmt":"2015-08-20T23:29:34","slug":"ecuador-y-venezuela-tratan-sobre-crisis-energetica-mundial","status":"publish","type":"post","link":"https:\/\/www.ecuadoraldia.com.ec\/?p=10171","title":{"rendered":"Ecuador y Venezuela tratan sobre crisis energ\u00e9tica mundial"},"content":{"rendered":"<p><a href=\"http:\/\/www.ecuadoraldia.com.ec\/wp-content\/uploads\/2015\/08\/lasso.jpg\"><img loading=\"lazy\" decoding=\"async\" class=\"alignleft size-medium wp-image-10172\" src=\"http:\/\/www.ecuadoraldia.com.ec\/wp-content\/uploads\/2015\/08\/lasso-300x267.jpg\" alt=\"lasso\" width=\"300\" height=\"267\" srcset=\"https:\/\/www.ecuadoraldia.com.ec\/wp-content\/uploads\/2015\/08\/lasso-300x267.jpg 300w, https:\/\/www.ecuadoraldia.com.ec\/wp-content\/uploads\/2015\/08\/lasso.jpg 317w\" sizes=\"(max-width: 300px) 100vw, 300px\" \/><\/a>El canciller de Ecuador, Xavier Lasso, mantuvo la tarde de este jueves en Caracas una reuni\u00f3n con su par de Venezuela, Delcy Rodr\u00edguez, para tratar diversos temas de inter\u00e9s bilateral.<\/p>\n<p style=\"text-align: justify;\">La cita se desarroll\u00f3 a las 12:15 (hora venezolana), seg\u00fan inform\u00f3 la Canciller\u00eda de Ecuador en un comunicado. Estuvieron tambi\u00e9n representantes de los ministerios de Hidrocarburos.<\/p>\n<p style=\"text-align: justify;\">Posteriormente, en una rueda de prensa, la canciller Rodr\u00edguez inform\u00f3 que \u00abestuvimos analizando c\u00f3mo intereses imperisliastas buscan la divisi\u00f3n de la unidad latinoamericana y caribe\u00f1a\u00bb.<\/p>\n<p style=\"text-align: justify;\">Dijo que ambos pa\u00edses tratan una sola estrategia sobre la crisis energ\u00e9tica mundial. \u00abEcuador y Venezuela somos miembros de la OPEP, estamos dise\u00f1ando una estrategia para defender nuestros recursos energ\u00e9ticos\u00bb, sostuvo.<\/p>\n<p style=\"text-align: justify;\">\u00abNos declaramos en defensa de nuestros recursos energ\u00e9ticos\u00bb, a\u00f1adi\u00f3.<\/p>\n<p style=\"text-align: justify;\">Tambi\u00e9n envi\u00f3, de parte del pueblo venezolano, \u00abun mensaje de solidaridad al pueblo de Ecuador y al presidente Rafael Correa\u00bb.<\/p>\n<p style=\"text-align: justify;\">La delegaci\u00f3n ecuatoriana mantuvo m\u00e1s temprano una reuni\u00f3n con el presidente Nicol\u00e1s Maduro.<\/p>\n<p style=\"text-align: justify;\">Esta es la primera parada del viaje del Ministro (s) de Relaciones Exteriores del Ecuador, que en horas de la tarde y noche viajar\u00e1 a Costa Rica a la reuni\u00f3n anual del Foro de Cooperaci\u00f3n Am\u00e9rica Latina &#8211; Asia del Este (Focalae). (AFP)<\/p>\n","protected":false},"excerpt":{"rendered":"<p>El canciller de Ecuador, Xavier Lasso, mantuvo la tarde de este jueves en Caracas una reuni\u00f3n con su par de<\/p>\n","protected":false},"author":1,"featured_media":0,"comment_status":"open","ping_status":"open","sticky":false,"template":"","format":"standard","meta":{"footnotes":""},"categories":[1],"tags":[],"_links":{"self":[{"href":"https:\/\/www.ecuadoraldia.com.ec\/index.php?rest_route=\/wp\/v2\/posts\/10171"}],"collection":[{"href":"https:\/\/www.ecuadoraldia.com.ec\/index.php?rest_route=\/wp\/v2\/posts"}],"about":[{"href":"https:\/\/www.ecuadoraldia.com.ec\/index.php?rest_route=\/wp\/v2\/types\/post"}],"author":[{"embeddable":true,"href":"https:\/\/www.ecuadoraldia.com.ec\/index.php?rest_route=\/wp\/v2\/users\/1"}],"replies":[{"embeddable":true,"href":"https:\/\/www.ecuadoraldia.com.ec\/index.php?rest_route=%2Fwp%2Fv2%2Fcomments&post=10171"}],"version-history":[{"count":1,"href":"https:\/\/www.ecuadoraldia.com.ec\/index.php?rest_route=\/wp\/v2\/posts\/10171\/revisions"}],"predecessor-version":[{"id":10173,"href":"https:\/\/www.ecuadoraldia.com.ec\/index.php?rest_route=\/wp\/v2\/posts\/10171\/revisions\/10173"}],"wp:attachment":[{"href":"https:\/\/www.ecuadoraldia.com.ec\/index.php?rest_route=%2Fwp%2Fv2%2Fmedia&parent=10171"}],"wp:term":[{"taxonomy":"category","embeddable":true,"href":"https:\/\/www.ecuadoraldia.com.ec\/index.php?rest_route=%2Fwp%2Fv2%2Fcategories&post=10171"},{"taxonomy":"post_tag","embeddable":true,"href":"https:\/\/www.ecuadoraldia.com.ec\/index.php?rest_route=%2Fwp%2Fv2%2Ftags&post=10171"}],"curies":[{"name":"wp","href":"https:\/\/api.w.org\/{rel}","templated":true}]}}