{"id":10177,"date":"2015-08-20T23:41:09","date_gmt":"2015-08-20T23:41:09","guid":{"rendered":"http:\/\/www.ecuadoraldia.com.ec\/?p=10177"},"modified":"2015-08-20T23:42:20","modified_gmt":"2015-08-20T23:42:20","slug":"informe-de-monitoreo-se-difundio-en-loja","status":"publish","type":"post","link":"https:\/\/www.ecuadoraldia.com.ec\/?p=10177","title":{"rendered":"Informe de monitoreo se difundi\u00f3 en Loja"},"content":{"rendered":"<p style=\"text-align: justify;\"><a href=\"http:\/\/www.ecuadoraldia.com.ec\/wp-content\/uploads\/2015\/08\/15-08-18_Loja.jpg\"><img loading=\"lazy\" decoding=\"async\" class=\"alignleft size-full wp-image-10178\" src=\"http:\/\/www.ecuadoraldia.com.ec\/wp-content\/uploads\/2015\/08\/15-08-18_Loja.jpg\" alt=\"15-08-18_Loja\" width=\"292\" height=\"216\" \/><\/a>19 Agosto 2015 .La Superintendencia de la Informaci\u00f3n y Comunicaci\u00f3n (SUPERCOM) present\u00f3 el Informe de Monitoreo de 22 medios de las provincias de Loja, El Oro y Zamora Chinchipe. De estos, 11 correspondieron a radio, 7 a impresos y 4 a televisi\u00f3n.<\/p>\n<p style=\"text-align: justify;\">Rolando Ortega, Intendente Zonal 7 Sur, dio la bienvenida a los asistentes, expresando su reconocimiento a medios de comunicaci\u00f3n que cumplen con la normativa legal, inclusive antes de la creaci\u00f3n de la Ley Org\u00e1nica de Comunicaci\u00f3n (LOC).<\/p>\n<p style=\"text-align: justify;\">Uno de los principales resultados es que en las emisoras se ha identificado los contenidos en un 57%, impresos en un 78% y en televisi\u00f3n el 63%.<\/p>\n<p style=\"text-align: justify;\">En lo referente a contenidos discriminatorios se encontr\u00f3 un 2% de casos en radio, 5% en impresos y un 1% en televisi\u00f3n.<\/p>\n<p style=\"text-align: justify;\">En cuanto a contenidos considerados de sexo expl\u00edcito hubo apenas un caso en prensa escrita y no se hall\u00f3 ninguno en radio ni en televisi\u00f3n.<\/p>\n<p style=\"text-align: justify;\">Una de las falencias se centr\u00f3 en los medios televisivos, en los que no se ha incluido lengua de se\u00f1as en ninguno de los 31 contenidos informativos analizados. As\u00ed mismo se evidenci\u00f3 un incumplimiento generalizado en los tres tipos de medios en el caso de contenidos interculturales.<\/p>\n<p style=\"text-align: justify;\">\u201cRecordemos que la informaci\u00f3n es un bien p\u00fablico y por tanto debe ser trabajada con calidad y responsabilidad\u201d, acot\u00f3 el Intendente.<\/p>\n<p style=\"text-align: justify;\">Las categor\u00edas que no registraron incumplimientos fueron: incitaci\u00f3n a la comisi\u00f3n de un acto ilegal, a la explotaci\u00f3n laboral y sexual, incitaci\u00f3n al uso ileg\u00edtimo de la violencia, posici\u00f3n sobre asuntos judiciales, atentando a la protecci\u00f3n de imagen de ni\u00f1os, ni\u00f1as y adolescentes sobre temas penales y de connotaci\u00f3n sexual.<\/p>\n<p style=\"text-align: justify;\">En radio se analizaron 240 horas programaci\u00f3n, en televisi\u00f3n 144 horas de programaci\u00f3n, as\u00ed como se dio la revisi\u00f3n en 7 medios impresos; todo ello sobre posibles infracciones a la LOC, en las fechas comprendidas entre el 14 y el 21 de junio de 2015.<\/p>\n<p style=\"text-align: justify;\">La presentaci\u00f3n estuvo a cargo de Elsa Quispe, Intendenta General Jur\u00eddica de la SUPERCOM. Detall\u00f3 los resultados del estudio a los representantes legales y directores de los medios de comunicaci\u00f3n, que asistieron al evento en representaci\u00f3n de las tres provincias donde tiene jurisdicci\u00f3n la Zonal 7.\u00a0(Fuente Supercom)<\/p>\n","protected":false},"excerpt":{"rendered":"<p>19 Agosto 2015 .La Superintendencia de la Informaci\u00f3n y Comunicaci\u00f3n (SUPERCOM) present\u00f3 el Informe de Monitoreo de 22 medios de<\/p>\n","protected":false},"author":1,"featured_media":0,"comment_status":"open","ping_status":"open","sticky":false,"template":"","format":"standard","meta":{"footnotes":""},"categories":[11],"tags":[],"_links":{"self":[{"href":"https:\/\/www.ecuadoraldia.com.ec\/index.php?rest_route=\/wp\/v2\/posts\/10177"}],"collection":[{"href":"https:\/\/www.ecuadoraldia.com.ec\/index.php?rest_route=\/wp\/v2\/posts"}],"about":[{"href":"https:\/\/www.ecuadoraldia.com.ec\/index.php?rest_route=\/wp\/v2\/types\/post"}],"author":[{"embeddable":true,"href":"https:\/\/www.ecuadoraldia.com.ec\/index.php?rest_route=\/wp\/v2\/users\/1"}],"replies":[{"embeddable":true,"href":"https:\/\/www.ecuadoraldia.com.ec\/index.php?rest_route=%2Fwp%2Fv2%2Fcomments&post=10177"}],"version-history":[{"count":2,"href":"https:\/\/www.ecuadoraldia.com.ec\/index.php?rest_route=\/wp\/v2\/posts\/10177\/revisions"}],"predecessor-version":[{"id":10180,"href":"https:\/\/www.ecuadoraldia.com.ec\/index.php?rest_route=\/wp\/v2\/posts\/10177\/revisions\/10180"}],"wp:attachment":[{"href":"https:\/\/www.ecuadoraldia.com.ec\/index.php?rest_route=%2Fwp%2Fv2%2Fmedia&parent=10177"}],"wp:term":[{"taxonomy":"category","embeddable":true,"href":"https:\/\/www.ecuadoraldia.com.ec\/index.php?rest_route=%2Fwp%2Fv2%2Fcategories&post=10177"},{"taxonomy":"post_tag","embeddable":true,"href":"https:\/\/www.ecuadoraldia.com.ec\/index.php?rest_route=%2Fwp%2Fv2%2Ftags&post=10177"}],"curies":[{"name":"wp","href":"https:\/\/api.w.org\/{rel}","templated":true}]}}