{"id":10181,"date":"2015-08-20T23:44:06","date_gmt":"2015-08-20T23:44:06","guid":{"rendered":"http:\/\/www.ecuadoraldia.com.ec\/?p=10181"},"modified":"2015-08-20T23:44:06","modified_gmt":"2015-08-20T23:44:06","slug":"duenos-de-medios-y-comunicadores-de-santo-domingo-conocieron-mas-sobre-la-ley-de-comunicacion","status":"publish","type":"post","link":"https:\/\/www.ecuadoraldia.com.ec\/?p=10181","title":{"rendered":"Due\u00f1os de medios y comunicadores de Santo Domingo conocieron m\u00e1s sobre la Ley de Comunicaci\u00f3n"},"content":{"rendered":"<p style=\"text-align: justify;\"><a href=\"http:\/\/www.ecuadoraldia.com.ec\/wp-content\/uploads\/2015\/08\/15-08-13_Reunion_Santo_Domingo.jpg\"><img loading=\"lazy\" decoding=\"async\" class=\"alignleft size-full wp-image-10182\" src=\"http:\/\/www.ecuadoraldia.com.ec\/wp-content\/uploads\/2015\/08\/15-08-13_Reunion_Santo_Domingo.jpg\" alt=\"15-08-13_Reunion_Santo_Domingo\" width=\"284\" height=\"208\" \/><\/a>13 Agosto 2015 .Cerca de 80 personas, entre comunicadores, periodistas y due\u00f1os de medios de comunicaci\u00f3n, asistieron este mi\u00e9rcoles 12 a un conversatorio sobre la Ley Org\u00e1nica de Comunicaci\u00f3n (LOC) y la correcta aplicaci\u00f3n de su reglamento.<\/p>\n<p style=\"text-align: justify;\">La Intendenta de la Zonal 4, Fernanda Hidalgo, y funcionarios de esta dependencia participaron en la cita, organizada por la Asociaci\u00f3n Ecuatoriana de Radio y Televisi\u00f3n (AER) n\u00facleo de Santo Domingo de los Ts\u00e1chilas.<\/p>\n<p style=\"text-align: justify;\">Los asistentes solventaron sus dudas sobre la normativa legal vigente desde junio de 2013. Entre ellos, R\u00f3mel Velastegu\u00ed y Tito Pineda, quienes consultaron sobre la regulaci\u00f3n de la publicidad, que est\u00e1 contemplada en los art\u00edculos 93 y 94 de la LOC y 68 y 69 del reglamento a la Ley.<\/p>\n<p style=\"text-align: justify;\">La producci\u00f3n audiovisual y la producci\u00f3n nacional (art\u00edculos del 97 al 102) tambi\u00e9n fueron abordadas por los productores independientes Pa\u00fal Vargas y Darwin Camacho, mientras que Gisela Aguirre, corresponsal de diario El Universo en Santo Domingo y periodista de Radio Macarena, se enfoc\u00f3 en las formas de ejercer el derecho a la r\u00e9plica y la rectificaci\u00f3n.<\/p>\n<p style=\"text-align: justify;\">Los representantes de la radio Sonbapa-min, en cambio, expusieron sus preguntas sobre las radios comunitarias y la entrega de copias de programas, que est\u00e1 estipulado en los art\u00edculos 85 y 28 de la LOC.<\/p>\n<p style=\"text-align: justify;\">La Intendenta Hidalgo, junto con Katiuska Ca\u00f1arte, directora de Vigilancia y Control, y Valeria Delgado, de Direcci\u00f3n de Gesti\u00f3n Preventiva, dialogaron con los asistentes.<\/p>\n<p style=\"text-align: justify;\">M\u00e9lida Jara, representante de AER Santo Domingo, agradeci\u00f3 la presencia de las funcionarias de la SUPERCOM y destac\u00f3 la organizaci\u00f3n de espacios, que son propicios para que los representantes de los medios de comunicaci\u00f3n puedan despejar sus inquietudes que apunten al cumplimiento de la LOC.<\/p>\n<p style=\"text-align: justify;\">La Intendenta Fernanda Hidalgo record\u00f3, adem\u00e1s, que durante el 2014 se socializ\u00f3 la LOC con 972 personas, entre ellos, los privados de la libertad, artistas, estudiantes, organizaciones barriales y ciudadan\u00eda en general.(Fuente Supercom)<\/p>\n","protected":false},"excerpt":{"rendered":"<p>13 Agosto 2015 .Cerca de 80 personas, entre comunicadores, periodistas y due\u00f1os de medios de comunicaci\u00f3n, asistieron este mi\u00e9rcoles 12<\/p>\n","protected":false},"author":1,"featured_media":0,"comment_status":"open","ping_status":"open","sticky":false,"template":"","format":"standard","meta":{"footnotes":""},"categories":[11],"tags":[],"_links":{"self":[{"href":"https:\/\/www.ecuadoraldia.com.ec\/index.php?rest_route=\/wp\/v2\/posts\/10181"}],"collection":[{"href":"https:\/\/www.ecuadoraldia.com.ec\/index.php?rest_route=\/wp\/v2\/posts"}],"about":[{"href":"https:\/\/www.ecuadoraldia.com.ec\/index.php?rest_route=\/wp\/v2\/types\/post"}],"author":[{"embeddable":true,"href":"https:\/\/www.ecuadoraldia.com.ec\/index.php?rest_route=\/wp\/v2\/users\/1"}],"replies":[{"embeddable":true,"href":"https:\/\/www.ecuadoraldia.com.ec\/index.php?rest_route=%2Fwp%2Fv2%2Fcomments&post=10181"}],"version-history":[{"count":1,"href":"https:\/\/www.ecuadoraldia.com.ec\/index.php?rest_route=\/wp\/v2\/posts\/10181\/revisions"}],"predecessor-version":[{"id":10183,"href":"https:\/\/www.ecuadoraldia.com.ec\/index.php?rest_route=\/wp\/v2\/posts\/10181\/revisions\/10183"}],"wp:attachment":[{"href":"https:\/\/www.ecuadoraldia.com.ec\/index.php?rest_route=%2Fwp%2Fv2%2Fmedia&parent=10181"}],"wp:term":[{"taxonomy":"category","embeddable":true,"href":"https:\/\/www.ecuadoraldia.com.ec\/index.php?rest_route=%2Fwp%2Fv2%2Fcategories&post=10181"},{"taxonomy":"post_tag","embeddable":true,"href":"https:\/\/www.ecuadoraldia.com.ec\/index.php?rest_route=%2Fwp%2Fv2%2Ftags&post=10181"}],"curies":[{"name":"wp","href":"https:\/\/api.w.org\/{rel}","templated":true}]}}