{"id":10184,"date":"2015-08-20T23:48:09","date_gmt":"2015-08-20T23:48:09","guid":{"rendered":"http:\/\/www.ecuadoraldia.com.ec\/?p=10184"},"modified":"2015-08-20T23:48:09","modified_gmt":"2015-08-20T23:48:09","slug":"supercom-desecha-denuncia-en-contra-de-radio-latina-88-1-fm","status":"publish","type":"post","link":"https:\/\/www.ecuadoraldia.com.ec\/?p=10184","title":{"rendered":"SUPERCOM desecha denuncia en contra de Radio Latina 88.1 FM"},"content":{"rendered":"<p style=\"text-align: justify;\"><a href=\"http:\/\/www.ecuadoraldia.com.ec\/wp-content\/uploads\/2015\/08\/rlat.jpg\"><img loading=\"lazy\" decoding=\"async\" class=\"alignleft size-medium wp-image-10185\" src=\"http:\/\/www.ecuadoraldia.com.ec\/wp-content\/uploads\/2015\/08\/rlat-300x150.jpg\" alt=\"rlat\" width=\"300\" height=\"150\" srcset=\"https:\/\/www.ecuadoraldia.com.ec\/wp-content\/uploads\/2015\/08\/rlat-300x150.jpg 300w, https:\/\/www.ecuadoraldia.com.ec\/wp-content\/uploads\/2015\/08\/rlat.jpg 304w\" sizes=\"(max-width: 300px) 100vw, 300px\" \/><\/a>5 Agosto 2015.La Superintendencia de la Informaci\u00f3n y Comunicaci\u00f3n (SUPERCOM), en concordancia con las atribuciones establecidas en el art\u00edculo 56 de la Ley Org\u00e1nica de Comunicaci\u00f3n (LOC), desech\u00f3 la denuncia presentada en contra de la Radio Latina Tropical 88.1 FM porque no se pudo determinar que el medio inobserv\u00f3 lo dispuesto en el art\u00edculo 28 de la LOC.<\/p>\n<p style=\"text-align: justify;\">El reclamo ante la SUPERCOM lo present\u00f3 la se\u00f1ora Lilia Yunda Machado, representante legal de la Compa\u00f1\u00eda Radio Canela S.A, quien solicit\u00f3 a la estaci\u00f3n radial la copia de la programaci\u00f3n difundida el 12 de junio de 2015, de 14:00 a 19:00.<\/p>\n<p style=\"text-align: justify;\">Luego del an\u00e1lisis jur\u00eddico respectivo, esta instituci\u00f3n dispuso el archivo del caso.<\/p>\n<p style=\"text-align: justify;\">ANTECEDENTES<br \/>\n&#8211; El 25 de junio de 2015, la se\u00f1ora Lilia Yunda Machado pidi\u00f3 a Radio Latina Tropical 88.1 FM una copia \u00edntegra de la programaci\u00f3n emitida de 14h00 y 19h00 del 12 de junio de 2015.<\/p>\n<p style=\"text-align: justify;\">&#8211; El 26 de junio de 2015, Radio Latina entreg\u00f3 la copia solicitada.<\/p>\n<p style=\"text-align: justify;\">&#8211; El 13 de julio de 2015, la se\u00f1ora Yunda plante\u00f3 la denuncia ante la SUPERCOM, asegurando que la grabaci\u00f3n habr\u00eda sido editada, aparentemente incumpliendo el art\u00edculo 28 de la LOC.<\/p>\n<p style=\"text-align: justify;\">&#8211; Tras notificar a las partes, se convoc\u00f3 a la Audiencia de Sustanciaci\u00f3n, establecida para el 31 de julio de 2015, de conformidad con el art\u00edculo 14 del Reglamento para el Procesamiento de Infracciones Administrativas a la Ley de Comunicaci\u00f3n.<\/p>\n<p style=\"text-align: justify;\">&#8211; En la fecha establecida se confirm\u00f3 la asistencia de la abogada Gabriela Salvador Zambrano en representaci\u00f3n de la economista Yunda Machado y del licenciado Mauricio Olivo y el doctor Adolfo Ramiro Mayorga Torres, en representaci\u00f3n de Radio Latina.<\/p>\n<p style=\"text-align: justify;\">&#8211; La parte denunciada asegur\u00f3 que en ning\u00fan momento edit\u00f3, false\u00f3 ni alter\u00f3 el audio, el cual fue concedido a la se\u00f1ora Yunda un d\u00eda despu\u00e9s de conocer el pedido. Como prueba solicit\u00f3 que se tome en cuenta el oficio s\/n, del 26 de junio de 2015, suscrito por el se\u00f1or Mauricio Olivo, Gerente Administrativo de Radio Latina Tropical 88.1 FM, en el que se ratific\u00f3 la entrega del CD con el audio del 12 de junio pasado.<\/p>\n<p style=\"text-align: justify;\">&#8211; La parte denunciante, en cambio, sostuvo que en ning\u00fan momento dijo que se ha falseado la verdad y que tan solo se pidi\u00f3 una copia de la programaci\u00f3n difundida. Tambi\u00e9n afirm\u00f3 que recibi\u00f3 una contestaci\u00f3n de Radio Latina en el tiempo establecido en la ley, pero al detectar una posible edici\u00f3n se procedi\u00f3 a pedir la copia \u00edntegra.<\/p>\n<p style=\"text-align: justify;\">Luego del an\u00e1lisis de los elementos jur\u00eddicos se determin\u00f3 que la estaci\u00f3n radial \u201ccumpli\u00f3 con la entrega de la grabaci\u00f3n de la programaci\u00f3n requerida, dentro del t\u00e9rmino de las 72 horas contadas desde la fecha en que la denunciante solicit\u00f3 la entrega de la referida copia\u201d, por lo que Radio Latina Tropical 88.1 FM observ\u00f3 lo dispuesto en el art\u00edculo 28 de la LOC.<\/p>\n<p style=\"text-align: justify;\">Adem\u00e1s, no se demostr\u00f3 \u201cfehacientemente la supuesta edici\u00f3n en dicha grabaci\u00f3n\u201d, ya que la denunciante no aport\u00f3 con \u201cpruebas contundentes que permitan comprobar\u201d dicha acci\u00f3n. \u201cEra necesario contar con una experticia que demuestre con certeza de que hubo la edici\u00f3n en la grabaci\u00f3n de la programaci\u00f3n, con la finalidad de que esta autoridad pueda llegar a una conclusi\u00f3n certera, v\u00e1lida e inequ\u00edvoca para determinar que el medio de comunicaci\u00f3n social denunciado entreg\u00f3 o no en forma \u00edntegra la grabaci\u00f3n del programa\u201d, a\u00f1ade la resoluci\u00f3n.<\/p>\n<p style=\"text-align: justify;\">La SUPERCOM record\u00f3 que el tercer inciso del art\u00edculo 14 del Reglamento para el Procesamiento de Infracciones Administrativas a la LOC, se\u00f1ala claramente que \u201cEn la audiencia, que se realizar\u00e1 de forma oral, se contestar\u00e1 la denuncia, reclamo o reporte, as\u00ed como, se presentar\u00e1n las evidencias, documentos y pruebas de cargo y descargo de cada una de las partes, las que deber\u00e1n guardar relaci\u00f3n con la denuncia, reclamo o reporte que motiv\u00f3 el tr\u00e1mite\u201d. (fuente Supercom)<\/p>\n","protected":false},"excerpt":{"rendered":"<p>5 Agosto 2015.La Superintendencia de la Informaci\u00f3n y Comunicaci\u00f3n (SUPERCOM), en concordancia con las atribuciones establecidas en el art\u00edculo 56<\/p>\n","protected":false},"author":1,"featured_media":0,"comment_status":"open","ping_status":"open","sticky":false,"template":"","format":"standard","meta":{"footnotes":""},"categories":[11],"tags":[],"_links":{"self":[{"href":"https:\/\/www.ecuadoraldia.com.ec\/index.php?rest_route=\/wp\/v2\/posts\/10184"}],"collection":[{"href":"https:\/\/www.ecuadoraldia.com.ec\/index.php?rest_route=\/wp\/v2\/posts"}],"about":[{"href":"https:\/\/www.ecuadoraldia.com.ec\/index.php?rest_route=\/wp\/v2\/types\/post"}],"author":[{"embeddable":true,"href":"https:\/\/www.ecuadoraldia.com.ec\/index.php?rest_route=\/wp\/v2\/users\/1"}],"replies":[{"embeddable":true,"href":"https:\/\/www.ecuadoraldia.com.ec\/index.php?rest_route=%2Fwp%2Fv2%2Fcomments&post=10184"}],"version-history":[{"count":1,"href":"https:\/\/www.ecuadoraldia.com.ec\/index.php?rest_route=\/wp\/v2\/posts\/10184\/revisions"}],"predecessor-version":[{"id":10186,"href":"https:\/\/www.ecuadoraldia.com.ec\/index.php?rest_route=\/wp\/v2\/posts\/10184\/revisions\/10186"}],"wp:attachment":[{"href":"https:\/\/www.ecuadoraldia.com.ec\/index.php?rest_route=%2Fwp%2Fv2%2Fmedia&parent=10184"}],"wp:term":[{"taxonomy":"category","embeddable":true,"href":"https:\/\/www.ecuadoraldia.com.ec\/index.php?rest_route=%2Fwp%2Fv2%2Fcategories&post=10184"},{"taxonomy":"post_tag","embeddable":true,"href":"https:\/\/www.ecuadoraldia.com.ec\/index.php?rest_route=%2Fwp%2Fv2%2Ftags&post=10184"}],"curies":[{"name":"wp","href":"https:\/\/api.w.org\/{rel}","templated":true}]}}