{"id":10187,"date":"2015-08-21T19:30:33","date_gmt":"2015-08-21T19:30:33","guid":{"rendered":"http:\/\/www.ecuadoraldia.com.ec\/?p=10187"},"modified":"2015-08-21T19:31:04","modified_gmt":"2015-08-21T19:31:04","slug":"galapagos-ya-cuenta-con-extension-del-ecu-911","status":"publish","type":"post","link":"https:\/\/www.ecuadoraldia.com.ec\/?p=10187","title":{"rendered":"Gal\u00e1pagos ya cuenta con extensi\u00f3n del ECU 911"},"content":{"rendered":"<figure id=\"attachment_10188\" aria-describedby=\"caption-attachment-10188\" style=\"width: 281px\" class=\"wp-caption alignleft\"><a href=\"http:\/\/www.ecuadoraldia.com.ec\/wp-content\/uploads\/2015\/08\/Ecu-Galapagos_.jpg\"><img loading=\"lazy\" decoding=\"async\" class=\"size-full wp-image-10188\" src=\"http:\/\/www.ecuadoraldia.com.ec\/wp-content\/uploads\/2015\/08\/Ecu-Galapagos_.jpg\" alt=\"CREATOR: gd-jpeg v1.0 (using IJG JPEG v62), quality = 90\" width=\"281\" height=\"195\" \/><\/a><figcaption id=\"caption-attachment-10188\" class=\"wp-caption-text\">El Presidente Correa en gal\u00e1pagos Foto ECU 911<\/figcaption><\/figure>\n<p style=\"text-align: justify;\">El presidente Rafael Correa recorri\u00f3 esta ma\u00f1ana la v\u00eda Puerto Baquerizo-Progreso-Puerto Chino en las Islas Gal\u00e1pagos. La v\u00eda tiene una extensi\u00f3n de 6 kil\u00f3metros y est\u00e1 ubicada en San Crist\u00f3bal.<\/p>\n<p style=\"text-align: justify;\">Tambi\u00e9n, el Jefe de Estado inaugur\u00f3 el ECU 911 en la provincia insular y la obra es parte de los 16 centros zonales y locales que se implementaron desde el 2011 en todo el territorio nacional.<\/p>\n<p style=\"text-align: justify;\">El centro opera en el barrio las Pe\u00f1as Bajas, ubicado en la isla San Crist\u00f3bal, tiene 1.015,50 m2 de construcci\u00f3n, en un \u00e1rea de 2.100 m2 de terreno, cuenta con tecnolog\u00eda de \u00faltima generaci\u00f3n que se evidencia a trav\u00e9s de 20 c\u00e1maras de videovigilancia: 8 en Santa Cruz, 9 en San Crist\u00f3bal, una de ellas de largo alcance, y 3 en Isabela.<\/p>\n<p style=\"text-align: justify;\">De igual manera, las situaciones de emergencia que se puedan presentar en cualquier parte del territorio insular, pueden ser reportadas por medio de una llamada a la l\u00ednea \u00fanica para emergencias, el 911.<\/p>\n<p style=\"text-align: justify;\">Para su operatividad, el centro cuenta con 32 funcionarios, 21 del ECU 911 y 11 de las instituciones articuladas Fuerzas Armadas, Polic\u00eda Nacional, el Ministerio de Salud P\u00fablica, el Parque Nacional Gal\u00e1pagos, los distintos Cuerpos de Bomberos, la Secretar\u00eda de Gesti\u00f3n de Riesgos; todos trabajando bajo una misma sala, las 24 horas del d\u00eda, 365 d\u00edas del a\u00f1o.<\/p>\n<p style=\"text-align: justify;\">El Centro ECU 911 Gal\u00e1pagos beneficiar\u00e1 a m\u00e1s de 25 mil habitantes de las islas y m\u00e1s de 220 mil turistas que visitan anualmente el archipi\u00e9lago.<\/p>\n<p style=\"text-align: justify;\">Con esta obra, el ECU entrega al pa\u00eds el sistema de seguridad, en donde se ha invertido $ 273 millones en tecnolog\u00eda e infraestructura. Tambi\u00e9n se colocaron 2.700 c\u00e1maras estrat\u00e9gicas de seguridad a nivel nacional. (El telegrafo)<\/p>\n","protected":false},"excerpt":{"rendered":"<p>El presidente Rafael Correa recorri\u00f3 esta ma\u00f1ana la v\u00eda Puerto Baquerizo-Progreso-Puerto Chino en las Islas Gal\u00e1pagos. La v\u00eda tiene una<\/p>\n","protected":false},"author":1,"featured_media":0,"comment_status":"open","ping_status":"open","sticky":false,"template":"","format":"standard","meta":{"footnotes":""},"categories":[11],"tags":[],"_links":{"self":[{"href":"https:\/\/www.ecuadoraldia.com.ec\/index.php?rest_route=\/wp\/v2\/posts\/10187"}],"collection":[{"href":"https:\/\/www.ecuadoraldia.com.ec\/index.php?rest_route=\/wp\/v2\/posts"}],"about":[{"href":"https:\/\/www.ecuadoraldia.com.ec\/index.php?rest_route=\/wp\/v2\/types\/post"}],"author":[{"embeddable":true,"href":"https:\/\/www.ecuadoraldia.com.ec\/index.php?rest_route=\/wp\/v2\/users\/1"}],"replies":[{"embeddable":true,"href":"https:\/\/www.ecuadoraldia.com.ec\/index.php?rest_route=%2Fwp%2Fv2%2Fcomments&post=10187"}],"version-history":[{"count":2,"href":"https:\/\/www.ecuadoraldia.com.ec\/index.php?rest_route=\/wp\/v2\/posts\/10187\/revisions"}],"predecessor-version":[{"id":10190,"href":"https:\/\/www.ecuadoraldia.com.ec\/index.php?rest_route=\/wp\/v2\/posts\/10187\/revisions\/10190"}],"wp:attachment":[{"href":"https:\/\/www.ecuadoraldia.com.ec\/index.php?rest_route=%2Fwp%2Fv2%2Fmedia&parent=10187"}],"wp:term":[{"taxonomy":"category","embeddable":true,"href":"https:\/\/www.ecuadoraldia.com.ec\/index.php?rest_route=%2Fwp%2Fv2%2Fcategories&post=10187"},{"taxonomy":"post_tag","embeddable":true,"href":"https:\/\/www.ecuadoraldia.com.ec\/index.php?rest_route=%2Fwp%2Fv2%2Ftags&post=10187"}],"curies":[{"name":"wp","href":"https:\/\/api.w.org\/{rel}","templated":true}]}}