{"id":10191,"date":"2015-08-21T19:32:05","date_gmt":"2015-08-21T19:32:05","guid":{"rendered":"http:\/\/www.ecuadoraldia.com.ec\/?p=10191"},"modified":"2015-08-21T19:32:05","modified_gmt":"2015-08-21T19:32:05","slug":"picq-decide-voluntariamente-salir-de-ecuador","status":"publish","type":"post","link":"https:\/\/www.ecuadoraldia.com.ec\/?p=10191","title":{"rendered":"Picq decide voluntariamente salir de Ecuador"},"content":{"rendered":"<p style=\"text-align: justify;\"><a href=\"http:\/\/www.ecuadoraldia.com.ec\/wp-content\/uploads\/2015\/08\/manuela1_.jpg\"><img loading=\"lazy\" decoding=\"async\" class=\"alignleft size-full wp-image-10192\" src=\"http:\/\/www.ecuadoraldia.com.ec\/wp-content\/uploads\/2015\/08\/manuela1_.jpg\" alt=\"manuela1_\" width=\"261\" height=\"251\" \/><\/a>Manuela Picq, activista y compa\u00f1era sentimental de Carlos P\u00e9rez, presidente de la Confederaci\u00f3n Kichwa del Ecuador (Ecuarunari), anunci\u00f3 esta ma\u00f1ana que dejar\u00e1 el pa\u00eds la tarde de hoy.<\/p>\n<p style=\"text-align: justify;\">La decisi\u00f3n de la ciudadana extranjera se conoci\u00f3 durante una conferencia de prensa, desarrollada en el Parque El Arbolito. Todo esto luego de que la jueza constitucional Paola Ayala negara ayer la acci\u00f3n de protecci\u00f3n presentada por la representaci\u00f3n legal de Picq,\u200b quien solicit\u00f3 anular la cancelaci\u00f3n de la visa de no migrante que se resolvi\u00f3 el 14 de agosto, un d\u00eda despu\u00e9s de las protestas en contra del Gobierno, en las cuales fuera detenida.<\/p>\n<p style=\"text-align: justify;\">En presencia de P\u00e9rez y del prefecto de Zamora Chinchipe, Salvador Quishpe, Picq inform\u00f3 que regresar\u00e1 a Brasil, su pa\u00eds de origen, desde donde iniciar\u00e1 un tr\u00e1mite de visa ante el Mercado Com\u00fan del Sur (Mercosur).<\/p>\n<p style=\"text-align: justify;\">La ciudadana asegur\u00f3 que tras el fallo de la jueza Ayala se siente en un \u00ablimbo jur\u00eddico\u00bb, puesto que de acuerdo a su condici\u00f3n legal, en estos momentos no tiene visa pero -a la vez- la jueza de contravenciones Gloria Pinza neg\u00f3 su deportaci\u00f3n, el pasado lunes. Por esta circunstancia anunci\u00f3 su decisi\u00f3n de regresar a Brasil.<\/p>\n<p style=\"text-align: justify;\">\u00abMe negaron la defensa a mis derechos constitucionales\u00bb, dijo. Por ello, viajar\u00e1 a su pa\u00eds con visa de brasile\u00f1a. Tiene previsto estar en Tababela a las 15:00 de hoy. El vuelo est\u00e1 previsto para las 17:00.<\/p>\n<p style=\"text-align: justify;\">Actividades para la tarde del viernes<\/p>\n<p style=\"text-align: justify;\">Luego de las palabras de la ciudadana brasile\u00f1a, un grupo de manifestantes acudi\u00f3 a la Unidad de Flagrancias para exigir la libertad de Miguel Guamba, uno de los ind\u00edgenas que fue detenido el pasado mi\u00e9rcoles, en otra movilizaci\u00f3n hacia el Centro Hist\u00f3rico.<\/p>\n<p style=\"text-align: justify;\">Luis Efra\u00edn Medina, habitante del pueblo de Saraguro (provincia de Loja) anunci\u00f3 que, de acuerdo a una actualizaci\u00f3n de datos, 92 personas se encuentran procesadas, de las cuales 25 cuentan con medidas sustitutivas.<\/p>\n<p style=\"text-align: justify;\">Por lo pronto, se conoci\u00f3 que hasta las 13:30 una comitiva se mantendr\u00e1 en la Unidad de Flagrancias; otra ir\u00e1 al aeropuerto de Tababela a despedir a Picq, mientras que una tercera se concentrar\u00e1 en el Parque El Arbolito para presenciar la Asamblea Popular que est\u00e1 prevista para las 14:00. A las 16:00, se movilizar\u00e1n nuevamente hacia el Centro Hist\u00f3rico para iniciar una protesta. (El telegrafo)<\/p>\n","protected":false},"excerpt":{"rendered":"<p>Manuela Picq, activista y compa\u00f1era sentimental de Carlos P\u00e9rez, presidente de la Confederaci\u00f3n Kichwa del Ecuador (Ecuarunari), anunci\u00f3 esta ma\u00f1ana<\/p>\n","protected":false},"author":1,"featured_media":0,"comment_status":"open","ping_status":"open","sticky":false,"template":"","format":"standard","meta":{"footnotes":""},"categories":[1],"tags":[],"_links":{"self":[{"href":"https:\/\/www.ecuadoraldia.com.ec\/index.php?rest_route=\/wp\/v2\/posts\/10191"}],"collection":[{"href":"https:\/\/www.ecuadoraldia.com.ec\/index.php?rest_route=\/wp\/v2\/posts"}],"about":[{"href":"https:\/\/www.ecuadoraldia.com.ec\/index.php?rest_route=\/wp\/v2\/types\/post"}],"author":[{"embeddable":true,"href":"https:\/\/www.ecuadoraldia.com.ec\/index.php?rest_route=\/wp\/v2\/users\/1"}],"replies":[{"embeddable":true,"href":"https:\/\/www.ecuadoraldia.com.ec\/index.php?rest_route=%2Fwp%2Fv2%2Fcomments&post=10191"}],"version-history":[{"count":1,"href":"https:\/\/www.ecuadoraldia.com.ec\/index.php?rest_route=\/wp\/v2\/posts\/10191\/revisions"}],"predecessor-version":[{"id":10193,"href":"https:\/\/www.ecuadoraldia.com.ec\/index.php?rest_route=\/wp\/v2\/posts\/10191\/revisions\/10193"}],"wp:attachment":[{"href":"https:\/\/www.ecuadoraldia.com.ec\/index.php?rest_route=%2Fwp%2Fv2%2Fmedia&parent=10191"}],"wp:term":[{"taxonomy":"category","embeddable":true,"href":"https:\/\/www.ecuadoraldia.com.ec\/index.php?rest_route=%2Fwp%2Fv2%2Fcategories&post=10191"},{"taxonomy":"post_tag","embeddable":true,"href":"https:\/\/www.ecuadoraldia.com.ec\/index.php?rest_route=%2Fwp%2Fv2%2Ftags&post=10191"}],"curies":[{"name":"wp","href":"https:\/\/api.w.org\/{rel}","templated":true}]}}