{"id":10194,"date":"2015-08-21T19:33:02","date_gmt":"2015-08-21T19:33:02","guid":{"rendered":"http:\/\/www.ecuadoraldia.com.ec\/?p=10194"},"modified":"2015-08-21T19:33:02","modified_gmt":"2015-08-21T19:33:02","slug":"indigenas-bloquean-acceso-a-cotacachi","status":"publish","type":"post","link":"https:\/\/www.ecuadoraldia.com.ec\/?p=10194","title":{"rendered":"Ind\u00edgenas bloquean acceso a Cotacachi"},"content":{"rendered":"<p style=\"text-align: justify;\"><a href=\"http:\/\/www.ecuadoraldia.com.ec\/wp-content\/uploads\/2015\/08\/VACOTACACHI_.jpg\"><img loading=\"lazy\" decoding=\"async\" class=\"alignleft size-full wp-image-10195\" src=\"http:\/\/www.ecuadoraldia.com.ec\/wp-content\/uploads\/2015\/08\/VACOTACACHI_.jpg\" alt=\"VACOTACACHI_\" width=\"279\" height=\"156\" \/><\/a>Como un juego del gato y el rat\u00f3n. As\u00ed se presentan los bloqueos viales por parte de ind\u00edgenas en la entrada al cant\u00f3n Cotacachi, en Imbabura, quienes cierran las v\u00edas, mientras las fuerzas del orden vuelven a abrirlas.<\/p>\n<p style=\"text-align: justify;\">La ma\u00f1ana de este viernes, un numeroso grupo de habitantes de Cotacachi con palos en mano se tomaron la v\u00eda de ingreso al cant\u00f3n, confirm\u00f3 a este Diario el gobernador de Imbabura, Diego Garc\u00eda. Contingente policial y militar lleg\u00f3 al lugar para mantener el orden y garantizar el paso de los veh\u00edculos.<\/p>\n<p style=\"text-align: justify;\">El ECU 911 provincial report\u00f3 en Twitter que la v\u00eda Cotacachi-Pinsaqu\u00ed se halla interrumpida y sugiere tomar v\u00edas alternas como Quiroga para ir a Otavalo o La Merced para llegar a Ibarra.<\/p>\n<p style=\"text-align: justify;\">Ayer, seg\u00fan en una emisora local el alcalde de Cotacachi, Jomar Jos\u00e9 Cevallos, critic\u00f3 al Presidente de la Rep\u00fablica, Rafael Correa a quien calific\u00f3 de \u201cmentiroso loco\u201d.<\/p>\n<p style=\"text-align: justify;\">La semana pasada, el Primer Mandatario en una entrevista con medios locales, critic\u00f3 al alcalde de Cotacachi, por su participaci\u00f3n en el cierre de la carretera a la altura de Pinsaqu\u00ed el pasado 13 de agosto.<\/p>\n<p style=\"text-align: justify;\">El burgomaestre asegur\u00f3 que particip\u00f3 en el paro del pasado 13 de agosto por disposiciones del Movimiento Vivir Bien y que no estuvo en calidad de autoridad, sino como un ciudadano m\u00e1s, miembro de esa organizaci\u00f3n. (El telegrafo)<\/p>\n","protected":false},"excerpt":{"rendered":"<p>Como un juego del gato y el rat\u00f3n. As\u00ed se presentan los bloqueos viales por parte de ind\u00edgenas en la<\/p>\n","protected":false},"author":1,"featured_media":0,"comment_status":"open","ping_status":"open","sticky":false,"template":"","format":"standard","meta":{"footnotes":""},"categories":[1],"tags":[],"_links":{"self":[{"href":"https:\/\/www.ecuadoraldia.com.ec\/index.php?rest_route=\/wp\/v2\/posts\/10194"}],"collection":[{"href":"https:\/\/www.ecuadoraldia.com.ec\/index.php?rest_route=\/wp\/v2\/posts"}],"about":[{"href":"https:\/\/www.ecuadoraldia.com.ec\/index.php?rest_route=\/wp\/v2\/types\/post"}],"author":[{"embeddable":true,"href":"https:\/\/www.ecuadoraldia.com.ec\/index.php?rest_route=\/wp\/v2\/users\/1"}],"replies":[{"embeddable":true,"href":"https:\/\/www.ecuadoraldia.com.ec\/index.php?rest_route=%2Fwp%2Fv2%2Fcomments&post=10194"}],"version-history":[{"count":1,"href":"https:\/\/www.ecuadoraldia.com.ec\/index.php?rest_route=\/wp\/v2\/posts\/10194\/revisions"}],"predecessor-version":[{"id":10196,"href":"https:\/\/www.ecuadoraldia.com.ec\/index.php?rest_route=\/wp\/v2\/posts\/10194\/revisions\/10196"}],"wp:attachment":[{"href":"https:\/\/www.ecuadoraldia.com.ec\/index.php?rest_route=%2Fwp%2Fv2%2Fmedia&parent=10194"}],"wp:term":[{"taxonomy":"category","embeddable":true,"href":"https:\/\/www.ecuadoraldia.com.ec\/index.php?rest_route=%2Fwp%2Fv2%2Fcategories&post=10194"},{"taxonomy":"post_tag","embeddable":true,"href":"https:\/\/www.ecuadoraldia.com.ec\/index.php?rest_route=%2Fwp%2Fv2%2Ftags&post=10194"}],"curies":[{"name":"wp","href":"https:\/\/api.w.org\/{rel}","templated":true}]}}