{"id":10200,"date":"2015-08-21T20:17:29","date_gmt":"2015-08-21T20:17:29","guid":{"rendered":"http:\/\/www.ecuadoraldia.com.ec\/?p=10200"},"modified":"2015-08-21T20:17:29","modified_gmt":"2015-08-21T20:17:30","slug":"martin-pallares-es-despedido-de-el-comercio-por-sus-comentarios-en-twitter","status":"publish","type":"post","link":"https:\/\/www.ecuadoraldia.com.ec\/?p=10200","title":{"rendered":"Mart\u00edn Pallares es despedido de El Comercio por sus comentarios en Twitter"},"content":{"rendered":"<figure id=\"attachment_10201\" aria-describedby=\"caption-attachment-10201\" style=\"width: 271px\" class=\"wp-caption alignleft\"><a href=\"http:\/\/www.ecuadoraldia.com.ec\/wp-content\/uploads\/2015\/08\/pallares-.jpg\"><img loading=\"lazy\" decoding=\"async\" class=\"size-full wp-image-10201\" src=\"http:\/\/www.ecuadoraldia.com.ec\/wp-content\/uploads\/2015\/08\/pallares-.jpg\" alt=\"CREATOR: gd-jpeg v1.0 (using IJG JPEG v62), quality = 90\" width=\"271\" height=\"198\" \/><\/a><figcaption id=\"caption-attachment-10201\" class=\"wp-caption-text\">Mart\u00edn Pallares<\/figcaption><\/figure>\n<p style=\"text-align: justify;\">El 17 de agosto de 2015, el periodista Mart\u00edn Pallares fue despedido de diario El Comercio por sus comentarios que, a manera personal, hace a trav\u00e9s de la red social Twitter, en donde ha sido muy cr\u00edtico con el Gobierno ecuatoriano, inform\u00f3 el portal web de FUNDAMEDIOS.<\/p>\n<p style=\"text-align: justify;\">Pallares, quien ha laborado desde hace 13 a\u00f1os en ese medio lleg\u00f3 a la redacci\u00f3n a trabajar normalmente, pero fue notificado de su despido por considerar que no habr\u00eda acatado \u201cpedidos cordiales\u201d que le hab\u00edan hecho meses antes, respecto a que debe ajustarse al manual de las buenas pr\u00e1cticas en redes sociales para los periodistas que laboran en ese medio.<\/p>\n<p style=\"text-align: justify;\">Los directivos del peri\u00f3dico le comunicaron a Pallares que ese d\u00eda ser\u00eda su \u00faltimo d\u00eda en la redacci\u00f3n por haber preferido seguir expres\u00e1ndose en la red social a conservar su empleo. Esto a pesar de que en la descripci\u00f3n de su cuenta aclara que \u201cLo que diga aqu\u00ed es de mi responsabilidad y no tienen ninguna relaci\u00f3n con mi empleador\u201d.<\/p>\n<p style=\"text-align: justify;\">En una carta hecha p\u00fablica y enviada a Fundamedios por el procurador judicial de Grupo El Comercio, se explic\u00f3 que la salida de Pallares se debi\u00f3 a que el periodista, a trav\u00e9s de su cuenta de Twitter \u201cincumpli\u00f3 con las pol\u00edticas del Manual de buenas pr\u00e1cticas en redes sociales vigente en El Comercio desde mayo de 2012, pese a reiterados llamados de atenci\u00f3n\u201d. La carta tambi\u00e9n se refiere a que el mencionado Manual \u201cse\u00f1ala la necesidad de tener clara conciencia de que todo lo que se escribe en Twitter compromete, no solo al due\u00f1o de la cuenta, sino tambi\u00e9n a la imagen institucional de la empresa\u201d y que \u201copiniones descalificatorias pueden provocar la p\u00e9rdida de la credibilidad para el autor y para el medio y acciones legales contra ambos\u201d.<\/p>\n<p style=\"text-align: justify;\">Por su parte, Pallares asegur\u00f3 que las reglas referidas son unas recomendaciones que la empresa hace a sus empleados. \u201cAdmito que pude haber sido un poco liberal en el seguimiento de esas recomendaciones, pero creo que todo lo que he dicho ah\u00ed son cosas que yo habr\u00eda escrito en mis columnas de opini\u00f3n, por lo tanto, todo lo que he dicho en Twitter son cosas que puedo sostenerlas\u201d, apunt\u00f3 el periodista, En ese sentido sostuvo que el ejercicio de la libertad de expresi\u00f3n en las redes sociales no puede ser condicionado de ninguna forma, puesto que es un derecho humano fundamental.<\/p>\n<p style=\"text-align: justify;\">Desde Twitter, Pallares, con m\u00e1s de 15.800 seguidores, es conocido en esa red social por comentar diversos temas de coyuntura, cuestionar a las autoridades y compartir sus opiniones. Son conocidas sus columnas semanales que se publicaban en diario El Comercio, as\u00ed como su blog \u201cDesde la Tranquera\u201d, con comentarios en el \u00e1mbito pol\u00edtico y nacional. En su carrera period\u00edstica, Pallares ha trabajado como editor de la secci\u00f3n pol\u00edtica de El Comercio y antes en los diarios HOY y El Universo. Tambi\u00e9n fue corresponsal del diario El Tiempo de Bogot\u00e1 en el Ecuador por m\u00e1s de 5 a\u00f1os y becario de la Knight Fellowship en Stanford University en 2010.<\/p>\n<p style=\"text-align: justify;\">El Grupo El Comercio fue vendido a fines del a\u00f1o pasado a la Telecomunicaciones Globales de Entretenimiento Televisivo (Telglovisi\u00f3n S. A.), que adquiri\u00f3 el 94,43% de sus acciones, yque es de propiedad del empresario mexicano \u00c1ngel Gonz\u00e1lez, un magnate de medios de comunicaci\u00f3n que posee una cadena de canales de televisi\u00f3n en Am\u00e9rica Latina, entre ellos el canal RTS, en Ecuador.<\/p>\n<p style=\"text-align: justify;\">Desde el 1 de enero pasado tiene como presidente ejecutivo y director general a Carlos Mantilla Batle; como director adjunto a Marco Arauz Ortega; y como subdirector adjunto a Gonzalo Ruiz.<\/p>\n","protected":false},"excerpt":{"rendered":"<p>El 17 de agosto de 2015, el periodista Mart\u00edn Pallares fue despedido de diario El Comercio por sus comentarios que,<\/p>\n","protected":false},"author":1,"featured_media":0,"comment_status":"open","ping_status":"open","sticky":false,"template":"","format":"standard","meta":{"footnotes":""},"categories":[3],"tags":[],"_links":{"self":[{"href":"https:\/\/www.ecuadoraldia.com.ec\/index.php?rest_route=\/wp\/v2\/posts\/10200"}],"collection":[{"href":"https:\/\/www.ecuadoraldia.com.ec\/index.php?rest_route=\/wp\/v2\/posts"}],"about":[{"href":"https:\/\/www.ecuadoraldia.com.ec\/index.php?rest_route=\/wp\/v2\/types\/post"}],"author":[{"embeddable":true,"href":"https:\/\/www.ecuadoraldia.com.ec\/index.php?rest_route=\/wp\/v2\/users\/1"}],"replies":[{"embeddable":true,"href":"https:\/\/www.ecuadoraldia.com.ec\/index.php?rest_route=%2Fwp%2Fv2%2Fcomments&post=10200"}],"version-history":[{"count":1,"href":"https:\/\/www.ecuadoraldia.com.ec\/index.php?rest_route=\/wp\/v2\/posts\/10200\/revisions"}],"predecessor-version":[{"id":10202,"href":"https:\/\/www.ecuadoraldia.com.ec\/index.php?rest_route=\/wp\/v2\/posts\/10200\/revisions\/10202"}],"wp:attachment":[{"href":"https:\/\/www.ecuadoraldia.com.ec\/index.php?rest_route=%2Fwp%2Fv2%2Fmedia&parent=10200"}],"wp:term":[{"taxonomy":"category","embeddable":true,"href":"https:\/\/www.ecuadoraldia.com.ec\/index.php?rest_route=%2Fwp%2Fv2%2Fcategories&post=10200"},{"taxonomy":"post_tag","embeddable":true,"href":"https:\/\/www.ecuadoraldia.com.ec\/index.php?rest_route=%2Fwp%2Fv2%2Ftags&post=10200"}],"curies":[{"name":"wp","href":"https:\/\/api.w.org\/{rel}","templated":true}]}}