{"id":10209,"date":"2015-08-22T19:58:28","date_gmt":"2015-08-22T19:58:28","guid":{"rendered":"http:\/\/www.ecuadoraldia.com.ec\/?p=10209"},"modified":"2015-08-22T19:58:28","modified_gmt":"2015-08-22T19:58:28","slug":"impactantes-imagenes-de-un-avion-britanico-que-se-estrello-en-una-carretera","status":"publish","type":"post","link":"https:\/\/www.ecuadoraldia.com.ec\/?p=10209","title":{"rendered":"Impactantes im\u00e1genes de un avi\u00f3n brit\u00e1nico que se estrell\u00f3 en una carretera"},"content":{"rendered":"<p style=\"text-align: justify;\"><a href=\"http:\/\/www.ecuadoraldia.com.ec\/wp-content\/uploads\/2015\/08\/0013218412.jpg\"><img loading=\"lazy\" decoding=\"async\" class=\"alignleft size-full wp-image-10210\" src=\"http:\/\/www.ecuadoraldia.com.ec\/wp-content\/uploads\/2015\/08\/0013218412.jpg\" alt=\"0013218412\" width=\"296\" height=\"204\" \/><\/a>Un avi\u00f3n de combate que participaba en la exhibici\u00f3n a\u00e9rea de Shoreham se estrell\u00f3 este s\u00e1bado en West Sussex, un condado del sur de Inglaterra, dejando un saldo de siete muertos, inform\u00f3 la polic\u00eda brit\u00e1nica<\/p>\n<p style=\"text-align: justify;\">El piloto, que volaba en una aeronave modelo Hawker Hunter, fue rescatado de entre los restos del aparato en llamas y trasladado a un hospital, tras chocar el avi\u00f3n contra varios veh\u00edculos en una carretera, aunque por el momento no ha trascendido si hay m\u00e1s heridos.<\/p>\n<p style=\"text-align: justify;\">Los servicios de emergencia trabajan en estos momentos en medio de una gran nube de humo.<\/p>\n<p style=\"text-align: justify;\">El suceso se ha producido en la carretera A27, en los l\u00edmites de este aer\u00f3dromo cercano a la ciudad de Brighton, que se ha cortado al tr\u00e1fico en ambas direcciones.<\/p>\n<p style=\"text-align: justify;\">Seg\u00fan medios brit\u00e1nicos, uno de los testigos de los hechos, Stephen Jones, declar\u00f3 que el avi\u00f3n hizo un bucle, pero sin completarlo, y se estrell\u00f3 muy cerca de la carretera.<\/p>\n<p style=\"text-align: justify;\">Otros espectadores se\u00f1alaron que los servicios de seguridad les han asegurado que pasar\u00e1n \u00abvarias horas\u00bb antes de que puedan salir de la zona.<\/p>\n<p style=\"text-align: justify;\">Los organizadores de la exhibici\u00f3n a\u00e9rea indicaron en la red social Twitter que este es el \u00abmayor incidente\u00bb sucedido en los l\u00edmites del aer\u00f3dromo. (infobae)<\/p>\n","protected":false},"excerpt":{"rendered":"<p>Un avi\u00f3n de combate que participaba en la exhibici\u00f3n a\u00e9rea de Shoreham se estrell\u00f3 este s\u00e1bado en West Sussex, un<\/p>\n","protected":false},"author":1,"featured_media":0,"comment_status":"open","ping_status":"open","sticky":false,"template":"","format":"standard","meta":{"footnotes":""},"categories":[1],"tags":[],"_links":{"self":[{"href":"https:\/\/www.ecuadoraldia.com.ec\/index.php?rest_route=\/wp\/v2\/posts\/10209"}],"collection":[{"href":"https:\/\/www.ecuadoraldia.com.ec\/index.php?rest_route=\/wp\/v2\/posts"}],"about":[{"href":"https:\/\/www.ecuadoraldia.com.ec\/index.php?rest_route=\/wp\/v2\/types\/post"}],"author":[{"embeddable":true,"href":"https:\/\/www.ecuadoraldia.com.ec\/index.php?rest_route=\/wp\/v2\/users\/1"}],"replies":[{"embeddable":true,"href":"https:\/\/www.ecuadoraldia.com.ec\/index.php?rest_route=%2Fwp%2Fv2%2Fcomments&post=10209"}],"version-history":[{"count":1,"href":"https:\/\/www.ecuadoraldia.com.ec\/index.php?rest_route=\/wp\/v2\/posts\/10209\/revisions"}],"predecessor-version":[{"id":10211,"href":"https:\/\/www.ecuadoraldia.com.ec\/index.php?rest_route=\/wp\/v2\/posts\/10209\/revisions\/10211"}],"wp:attachment":[{"href":"https:\/\/www.ecuadoraldia.com.ec\/index.php?rest_route=%2Fwp%2Fv2%2Fmedia&parent=10209"}],"wp:term":[{"taxonomy":"category","embeddable":true,"href":"https:\/\/www.ecuadoraldia.com.ec\/index.php?rest_route=%2Fwp%2Fv2%2Fcategories&post=10209"},{"taxonomy":"post_tag","embeddable":true,"href":"https:\/\/www.ecuadoraldia.com.ec\/index.php?rest_route=%2Fwp%2Fv2%2Ftags&post=10209"}],"curies":[{"name":"wp","href":"https:\/\/api.w.org\/{rel}","templated":true}]}}