{"id":10213,"date":"2015-08-22T20:16:53","date_gmt":"2015-08-22T20:16:53","guid":{"rendered":"http:\/\/www.ecuadoraldia.com.ec\/?p=10213"},"modified":"2015-08-22T20:16:53","modified_gmt":"2015-08-22T20:16:53","slug":"recorte-en-presupuesto-del-estado-no-afecta-a-los-gad","status":"publish","type":"post","link":"https:\/\/www.ecuadoraldia.com.ec\/?p=10213","title":{"rendered":"Recorte en presupuesto del Estado no afecta a los GAD"},"content":{"rendered":"<p style=\"text-align: justify;\"><a href=\"http:\/\/www.ecuadoraldia.com.ec\/wp-content\/uploads\/2015\/08\/GLASINFORME_.jpg\"><img loading=\"lazy\" decoding=\"async\" class=\"alignleft size-medium wp-image-10214\" src=\"http:\/\/www.ecuadoraldia.com.ec\/wp-content\/uploads\/2015\/08\/GLASINFORME_-300x224.jpg\" alt=\"GLASINFORME_\" width=\"300\" height=\"224\" srcset=\"https:\/\/www.ecuadoraldia.com.ec\/wp-content\/uploads\/2015\/08\/GLASINFORME_-300x224.jpg 300w, https:\/\/www.ecuadoraldia.com.ec\/wp-content\/uploads\/2015\/08\/GLASINFORME_.jpg 401w\" sizes=\"(max-width: 300px) 100vw, 300px\" \/><\/a>Glas manifest\u00f3 que este 2015 ha sido de \u00abfuerte presi\u00f3n fiscal\u00bb, es decir de gran demanda de recursos, porque este a\u00f1o se culminan, por ejemplo, todos los proyectos multiprop\u00f3sitos. \u00abEn 2016 se concluyen todas las hidroel\u00e9ctricas, pero hay que pagar la construcci\u00f3n en este a\u00f1o. El pr\u00f3ximo a\u00f1o representar\u00e1n un ahorro de alrededor de 760 millones\u00bb indic\u00f3.<\/p>\n<p style=\"text-align: justify;\">De su lado el ministro de Finanzas, Fausto Herrera, reiter\u00f3 que ha habido una coyuntura bastante desfavorable para el Ecuador en el entorno internacional. Mencion\u00f3 as\u00ed la ca\u00edda de los precios del petr\u00f3leo, la apreciaci\u00f3n del d\u00f3lar, la devaluaci\u00f3n en los pa\u00edses vecinos, una ca\u00edda de la bolsa china, un incremento de riesgo pa\u00eds, la reactivaci\u00f3n del volc\u00e1n Cotopaxi y un potencial fen\u00f3meno de El Ni\u00f1o. \u00abSon cosas que no dependen de lo que dejemos (de hacer) o hagamos, pero tenemos la responsabilidad de hacer los ajustes y tomar las decisiones que el pa\u00eds necesita\u00bb, subray\u00f3.<\/p>\n<p style=\"text-align: justify;\">Por consiguiente, afirm\u00f3 que se tom\u00f3 la decisi\u00f3n de cortar $ 800 millones del PGE, $ 100 correspondientes al gasto corriente, esto es tratar de bajar ciertos gastos no necesarios como consultor\u00edas, servicios que se pueden aplazar, as\u00ed como algunas obras, pero no la que est\u00e1n en ejecuci\u00f3n este a\u00f1o. Los otros $ 700 millones corresponden a gastos de inversi\u00f3n.<\/p>\n<p style=\"text-align: justify;\">\u00abSeguiremos tomando las decisiones y medidas suficientes para mantener s\u00f3lido el sistema de dolarizaci\u00f3n\u00bb, manifest\u00f3 el Ministro.<\/p>\n<p style=\"text-align: justify;\">Herrera tambi\u00e9n record\u00f3 que se est\u00e1 trabajando con un presupuesto con un precio no mayor a $ 40 por barril de petr\u00f3leo, y con un d\u00e9ficit del 2 a 2,5%. \u00abPodemos hacer esto porque invertimos en las grandes obras que producir\u00e1n ahorro en el pa\u00eds, como las hidroel\u00e9ctricas y la Refiner\u00eda de Esmeraldas\u00bb, dijo.<\/p>\n<p style=\"text-align: justify;\">El Ministro enfatiz\u00f3 que los recortes no afectar\u00e1n a los programas sociales del gobierno, adem\u00e1s que por decisi\u00f3n del Presidente de la Rep\u00fablica no se ha topado \u00abun centavo\u00bb del presupuesto destinado a los Gobiernos Aut\u00f3nomos Descentralizados (GAD). \u00abLos municipios y prefecturas siguen recibiendo normalmente sus recursos, y el costo de la baja del precio del petr\u00f3leo lo asumi\u00f3 el Estado ecuatoriano, porque consideramos que los GAD son los gobiernos que est\u00e1n m\u00e1s cerca de la gente y pueden solucionar m\u00e1s r\u00e1pido los problemas\u00bb.<\/p>\n<p style=\"text-align: justify;\">Finalmente, Herrera llam\u00f3 a todos los ecuatorianos \u00aba poner el hombro\u00bb. En tanto que el vicepresidente recalc\u00f3 que \u00abs\u00ed ha habido ahorro\u00bb, pero est\u00e1 invertido en las hidroel\u00e9ctricas, que a\u00f1o con a\u00f1o ahorrar\u00e1n al pa\u00eds m\u00e1s de $ 1000 millones.<\/p>\n","protected":false},"excerpt":{"rendered":"<p>Glas manifest\u00f3 que este 2015 ha sido de \u00abfuerte presi\u00f3n fiscal\u00bb, es decir de gran demanda de recursos, porque este<\/p>\n","protected":false},"author":1,"featured_media":0,"comment_status":"open","ping_status":"open","sticky":false,"template":"","format":"standard","meta":{"footnotes":""},"categories":[3],"tags":[],"_links":{"self":[{"href":"https:\/\/www.ecuadoraldia.com.ec\/index.php?rest_route=\/wp\/v2\/posts\/10213"}],"collection":[{"href":"https:\/\/www.ecuadoraldia.com.ec\/index.php?rest_route=\/wp\/v2\/posts"}],"about":[{"href":"https:\/\/www.ecuadoraldia.com.ec\/index.php?rest_route=\/wp\/v2\/types\/post"}],"author":[{"embeddable":true,"href":"https:\/\/www.ecuadoraldia.com.ec\/index.php?rest_route=\/wp\/v2\/users\/1"}],"replies":[{"embeddable":true,"href":"https:\/\/www.ecuadoraldia.com.ec\/index.php?rest_route=%2Fwp%2Fv2%2Fcomments&post=10213"}],"version-history":[{"count":1,"href":"https:\/\/www.ecuadoraldia.com.ec\/index.php?rest_route=\/wp\/v2\/posts\/10213\/revisions"}],"predecessor-version":[{"id":10215,"href":"https:\/\/www.ecuadoraldia.com.ec\/index.php?rest_route=\/wp\/v2\/posts\/10213\/revisions\/10215"}],"wp:attachment":[{"href":"https:\/\/www.ecuadoraldia.com.ec\/index.php?rest_route=%2Fwp%2Fv2%2Fmedia&parent=10213"}],"wp:term":[{"taxonomy":"category","embeddable":true,"href":"https:\/\/www.ecuadoraldia.com.ec\/index.php?rest_route=%2Fwp%2Fv2%2Fcategories&post=10213"},{"taxonomy":"post_tag","embeddable":true,"href":"https:\/\/www.ecuadoraldia.com.ec\/index.php?rest_route=%2Fwp%2Fv2%2Ftags&post=10213"}],"curies":[{"name":"wp","href":"https:\/\/api.w.org\/{rel}","templated":true}]}}