{"id":10216,"date":"2015-08-25T14:14:03","date_gmt":"2015-08-25T14:14:03","guid":{"rendered":"http:\/\/www.ecuadoraldia.com.ec\/?p=10216"},"modified":"2015-08-25T14:14:03","modified_gmt":"2015-08-25T14:14:03","slug":"mandatarios-con-mas-aprobacion-se-enfocan-en-la-justicia-social","status":"publish","type":"post","link":"https:\/\/www.ecuadoraldia.com.ec\/?p=10216","title":{"rendered":"Mandatarios con m\u00e1s aprobaci\u00f3n se enfocan en la justicia social"},"content":{"rendered":"<figure id=\"attachment_10217\" aria-describedby=\"caption-attachment-10217\" style=\"width: 299px\" class=\"wp-caption alignleft\"><a href=\"http:\/\/www.ecuadoraldia.com.ec\/wp-content\/uploads\/2015\/08\/rafael-social.jpg\"><img loading=\"lazy\" decoding=\"async\" class=\"size-full wp-image-10217\" src=\"http:\/\/www.ecuadoraldia.com.ec\/wp-content\/uploads\/2015\/08\/rafael-social.jpg\" alt=\"?????????????????????????????????????????????????????????\" width=\"299\" height=\"233\" \/><\/a><figcaption id=\"caption-attachment-10217\" class=\"wp-caption-text\">?????????????????????????????????????????????????????????<\/figcaption><\/figure>\n<p style=\"text-align: justify;\">Un reciente estudio de la Consultora Mitofsky evidencia que la aprobaci\u00f3n de los presidentes de Am\u00e9rica ha disminuido. Solo 5 de 21 mantienen una calificaci\u00f3n entre sobresaliente y alta. Rafael Correa, de Ecuador, se ubica en el cuarto lugar del ranking.<\/p>\n<p style=\"text-align: justify;\">La lista la encabezan los jefes de Estado de Rep\u00fablica Dominicana y Bolivia. La similitud entre ellos es que han promovido la justicia social en sus naciones desde diferentes perspectivas.<\/p>\n<p style=\"text-align: justify;\">Por ejemplo, Danilo Medina, de Rep\u00fablica Dominicana, se ha caracterizado por mejorar la producci\u00f3n agr\u00edcola de su pa\u00eds. Su particularidad son las visitas sorpresa que realiza a los campos para supervisar y compartir con sus mandantes los cambios sociales que son evidentes.<\/p>\n<p style=\"text-align: justify;\">En segundo lugar est\u00e1 el boliviano Evo Morales, quien no solo es el primer mandatario ind\u00edgena sino que, adem\u00e1s, redujo la pobreza en m\u00e1s de 30 puntos y ha entregado miles de t\u00edtulos de tierras mejorando la producci\u00f3n y la inversi\u00f3n.<\/p>\n<p style=\"text-align: justify;\">Otra caracter\u00edstica de quienes lideran la lista de aprobaci\u00f3n es la transparencia y rendici\u00f3n de cuentas, seg\u00fan lo ha destacado el jefe de Estado paname\u00f1o, Juan Carlos Varela. Esta forma de trabajo en Panam\u00e1 ha significado mayor crecimiento econ\u00f3mico, puesto que se espera que este a\u00f1o alcance un alza en el PIB de 6%, el mayor de la regi\u00f3n.<\/p>\n<p style=\"text-align: justify;\">El director del Centro Andino de Estudios Estrat\u00e9gicos, Mario Ramos, destac\u00f3 que la disminuci\u00f3n de la aprobaci\u00f3n se debe los ataques externos pol\u00edticos ideol\u00f3gicos que buscaban descalificar a los gobiernos progresivos de Am\u00e9rica Latina, pese a ello, su aprobaci\u00f3n es alta. A esto se suma la compleja situaci\u00f3n econ\u00f3mica mundial.<\/p>\n<p style=\"text-align: justify;\">Para Ramos, una muestra de esto es la situaci\u00f3n en Ecuador, en donde el primer logro de su Presidente es haber devuelto la estabilidad pol\u00edtica, pues es el segundo en Am\u00e9rica con m\u00e1s tiempo en su cargo, sin contar con el crecimiento econ\u00f3mico y la reducci\u00f3n de la pobreza.<\/p>\n<p style=\"text-align: justify;\">En una situaci\u00f3n similar est\u00e1 el nicarag\u00fcense Daniel Ortega, quien ha incluido a la mujer en los cambios sociales de su pa\u00eds. (I)<\/p>\n","protected":false},"excerpt":{"rendered":"<p>Un reciente estudio de la Consultora Mitofsky evidencia que la aprobaci\u00f3n de los presidentes de Am\u00e9rica ha disminuido. Solo 5<\/p>\n","protected":false},"author":1,"featured_media":0,"comment_status":"open","ping_status":"open","sticky":false,"template":"","format":"standard","meta":{"footnotes":""},"categories":[1],"tags":[],"_links":{"self":[{"href":"https:\/\/www.ecuadoraldia.com.ec\/index.php?rest_route=\/wp\/v2\/posts\/10216"}],"collection":[{"href":"https:\/\/www.ecuadoraldia.com.ec\/index.php?rest_route=\/wp\/v2\/posts"}],"about":[{"href":"https:\/\/www.ecuadoraldia.com.ec\/index.php?rest_route=\/wp\/v2\/types\/post"}],"author":[{"embeddable":true,"href":"https:\/\/www.ecuadoraldia.com.ec\/index.php?rest_route=\/wp\/v2\/users\/1"}],"replies":[{"embeddable":true,"href":"https:\/\/www.ecuadoraldia.com.ec\/index.php?rest_route=%2Fwp%2Fv2%2Fcomments&post=10216"}],"version-history":[{"count":1,"href":"https:\/\/www.ecuadoraldia.com.ec\/index.php?rest_route=\/wp\/v2\/posts\/10216\/revisions"}],"predecessor-version":[{"id":10218,"href":"https:\/\/www.ecuadoraldia.com.ec\/index.php?rest_route=\/wp\/v2\/posts\/10216\/revisions\/10218"}],"wp:attachment":[{"href":"https:\/\/www.ecuadoraldia.com.ec\/index.php?rest_route=%2Fwp%2Fv2%2Fmedia&parent=10216"}],"wp:term":[{"taxonomy":"category","embeddable":true,"href":"https:\/\/www.ecuadoraldia.com.ec\/index.php?rest_route=%2Fwp%2Fv2%2Fcategories&post=10216"},{"taxonomy":"post_tag","embeddable":true,"href":"https:\/\/www.ecuadoraldia.com.ec\/index.php?rest_route=%2Fwp%2Fv2%2Ftags&post=10216"}],"curies":[{"name":"wp","href":"https:\/\/api.w.org\/{rel}","templated":true}]}}