{"id":10219,"date":"2015-08-25T14:16:41","date_gmt":"2015-08-25T14:16:41","guid":{"rendered":"http:\/\/www.ecuadoraldia.com.ec\/?p=10219"},"modified":"2015-08-25T14:16:41","modified_gmt":"2015-08-25T14:16:41","slug":"montubios-solicitan-revolucion-agraria","status":"publish","type":"post","link":"https:\/\/www.ecuadoraldia.com.ec\/?p=10219","title":{"rendered":"Montubios solicitan Revoluci\u00f3n Agraria"},"content":{"rendered":"<p style=\"text-align: justify;\"><a href=\"http:\/\/www.ecuadoraldia.com.ec\/wp-content\/uploads\/2015\/08\/25-08-15-quito-pueblo_.jpg\"><img loading=\"lazy\" decoding=\"async\" class=\"alignleft size-full wp-image-10220\" src=\"http:\/\/www.ecuadoraldia.com.ec\/wp-content\/uploads\/2015\/08\/25-08-15-quito-pueblo_.jpg\" alt=\"25-08-15-quito-pueblo_\" width=\"286\" height=\"195\" \/><\/a>Los representantes de alrededor de 100 organizaciones de los pueblos montubios se reunieron ayer con el presidente Rafael Correa para demostrar su apoyo al gobierno y a las propuestas de di\u00e1logo nacional impulsadas desde el Ejecutivo. Adem\u00e1s rechazan las protestas de la Conaie y el FUT, que se han suscitado en los \u00faltimos d\u00edas.<\/p>\n<p style=\"text-align: justify;\">\u201cEs necesaria una verdadera Revoluci\u00f3n Agraria que nos permita pasar de simples productores de la materia prima a transformadores de productos de alta calidad para los mercados internacionales y nacionales. Para hacer realidad estos cambios no es necesario recurrir a la violencia y tampoco confrontarnos entre ecuatorianos, los problemas se resuelven con di\u00e1logo\u201d, fue una parte del manifiesto que el pueblo montubio entreg\u00f3 al Presidente.<\/p>\n<p style=\"text-align: justify;\">De acuerdo con Anita O\u00f1ate, parte del Observatorio Intercultural de Pueblos y Nacionalidades, los montubios siempre han sido invisibilizados y aunque hoy ya tienen mayor espacio considera que existen aspectos que deben mejorarse. \u201cPedimos pol\u00edticas p\u00fablicas que impulsen nuestro trabajo como agricultores, proyectos agroindustriales y facilidad de cr\u00e9ditos\u201d, dijo.<\/p>\n<p style=\"text-align: justify;\">Con esto coincidi\u00f3 el Mandatario, quien calific\u00f3 al pueblo montubio como el basti\u00f3n de la Revoluci\u00f3n y se\u00f1al\u00f3 algunos avances como la certificaci\u00f3n de semillas, la entrega de tierras y los proyectos multiprop\u00f3sitos.<\/p>\n<p style=\"text-align: justify;\">Reconoci\u00f3 que el Banco Nacional Fomento a\u00fan tiene falencias. \u201cEn estos 8 a\u00f1os se ha hecho el 70% de lo que se ha realizado en toda la historia del pa\u00eds por una revoluci\u00f3n agraria. Nos quieren regresar al pasado, pueblo montubio, estar siempre dispuesto a defender su revoluci\u00f3n\u201d, expres\u00f3.<\/p>\n<p style=\"text-align: justify;\">En el encuentro tambi\u00e9n participaron ind\u00edgenas de la nacionalidad shuar y huaorani.<\/p>\n<p style=\"text-align: justify;\">Luis Kuash, vicepresidente de la Federaci\u00f3n Interprovincial de Centros Shuar (Fisch), considera que es tiempo de ser parte del cambio y manifest\u00f3 que est\u00e1n dispuestos a generar propuestas. (I)<\/p>\n","protected":false},"excerpt":{"rendered":"<p>Los representantes de alrededor de 100 organizaciones de los pueblos montubios se reunieron ayer con el presidente Rafael Correa para<\/p>\n","protected":false},"author":1,"featured_media":0,"comment_status":"open","ping_status":"open","sticky":false,"template":"","format":"standard","meta":{"footnotes":""},"categories":[3],"tags":[],"_links":{"self":[{"href":"https:\/\/www.ecuadoraldia.com.ec\/index.php?rest_route=\/wp\/v2\/posts\/10219"}],"collection":[{"href":"https:\/\/www.ecuadoraldia.com.ec\/index.php?rest_route=\/wp\/v2\/posts"}],"about":[{"href":"https:\/\/www.ecuadoraldia.com.ec\/index.php?rest_route=\/wp\/v2\/types\/post"}],"author":[{"embeddable":true,"href":"https:\/\/www.ecuadoraldia.com.ec\/index.php?rest_route=\/wp\/v2\/users\/1"}],"replies":[{"embeddable":true,"href":"https:\/\/www.ecuadoraldia.com.ec\/index.php?rest_route=%2Fwp%2Fv2%2Fcomments&post=10219"}],"version-history":[{"count":1,"href":"https:\/\/www.ecuadoraldia.com.ec\/index.php?rest_route=\/wp\/v2\/posts\/10219\/revisions"}],"predecessor-version":[{"id":10221,"href":"https:\/\/www.ecuadoraldia.com.ec\/index.php?rest_route=\/wp\/v2\/posts\/10219\/revisions\/10221"}],"wp:attachment":[{"href":"https:\/\/www.ecuadoraldia.com.ec\/index.php?rest_route=%2Fwp%2Fv2%2Fmedia&parent=10219"}],"wp:term":[{"taxonomy":"category","embeddable":true,"href":"https:\/\/www.ecuadoraldia.com.ec\/index.php?rest_route=%2Fwp%2Fv2%2Fcategories&post=10219"},{"taxonomy":"post_tag","embeddable":true,"href":"https:\/\/www.ecuadoraldia.com.ec\/index.php?rest_route=%2Fwp%2Fv2%2Ftags&post=10219"}],"curies":[{"name":"wp","href":"https:\/\/api.w.org\/{rel}","templated":true}]}}