{"id":10237,"date":"2015-08-26T11:56:53","date_gmt":"2015-08-26T11:56:53","guid":{"rendered":"http:\/\/www.ecuadoraldia.com.ec\/?p=10237"},"modified":"2015-08-26T11:56:53","modified_gmt":"2015-08-26T11:56:53","slug":"500-millones-para-la-emergencia-en-cotopaxi","status":"publish","type":"post","link":"https:\/\/www.ecuadoraldia.com.ec\/?p=10237","title":{"rendered":"$ 500 millones para la emergencia \u00a0en Cotopaxi"},"content":{"rendered":"<figure id=\"attachment_10238\" aria-describedby=\"caption-attachment-10238\" style=\"width: 300px\" class=\"wp-caption alignleft\"><a href=\"http:\/\/www.ecuadoraldia.com.ec\/wp-content\/uploads\/2015\/08\/26-08-15-correa1.jpg\"><img loading=\"lazy\" decoding=\"async\" class=\"size-medium wp-image-10238\" src=\"http:\/\/www.ecuadoraldia.com.ec\/wp-content\/uploads\/2015\/08\/26-08-15-correa1-300x199.jpg\" alt=\"REG POL El presidente de la Rep\u00fablica, Rafael Correa, particip\u00f3 esta ma\u00f1ana de un encuentro con miembros de la comunidad de San Miguel de Cayo, una de las zonas que est\u00e1n en zona de influencia del volc\u00e1n Cotopaxi. ROBERTO CH\u00c1VEZ \/ EL TEL\u00c9GRAFO\" width=\"300\" height=\"199\" srcset=\"https:\/\/www.ecuadoraldia.com.ec\/wp-content\/uploads\/2015\/08\/26-08-15-correa1-300x199.jpg 300w, https:\/\/www.ecuadoraldia.com.ec\/wp-content\/uploads\/2015\/08\/26-08-15-correa1.jpg 346w\" sizes=\"(max-width: 300px) 100vw, 300px\" \/><\/a><figcaption id=\"caption-attachment-10238\" class=\"wp-caption-text\">\u00a0El presidente de la Rep\u00fablica, Rafael Correa, particip\u00f3 \u00a0de un encuentro con miembros de la comunidad de San Miguel de Cayo, una de las zonas que est\u00e1n en zona de influencia del volc\u00e1n Cotopaxi. \/ EL TEL\u00c9GRAFO<\/figcaption><\/figure>\n<p style=\"text-align: justify;\">El Presidente recorri\u00f3 ayer las \u00e1reas de mayor riesgo en Mulal\u00f3, donde afirm\u00f3 que el pa\u00eds cuenta con $ 500 millones previstos para enfrentar la emergencia. Las Embajadas coordinan m\u00e1s ayuda.<\/p>\n<p style=\"text-align: justify;\">Los cantones Latacunga, Saquisil\u00ed, Pujil\u00ed y Salcedo ser\u00edan los primeros afectados en caso de una erupci\u00f3n del volc\u00e1n Cotopaxi.<\/p>\n<p style=\"text-align: justify;\">En la capital provincial solo 10 minutos demorar\u00edan en inundarse los barrios asentados cerca de las riberas del r\u00edo Cutuchi, con los primeros deshielos. Esa informaci\u00f3n, de primera mano e in situ, recibi\u00f3 ayer por la ma\u00f1ana el presidente de la Rep\u00fablica, Rafael Correa.<\/p>\n<p style=\"text-align: justify;\">El mandatario estuvo en las comunas de San Agust\u00edn de Callo y San Ram\u00f3n, ambas de la parroquia Mulal\u00f3, donde se produjo la ca\u00edda de ceniza en las \u00faltimas horas.<\/p>\n<p style=\"text-align: justify;\">Minutos antes manifest\u00f3 que hay $ 500 millones previstos para enfrentar una emergencia en la zona. De ese monto $ 300 millones son de una l\u00ednea de contingencia entregada por el Banco Interamericano de Desarrollo (BID).<\/p>\n<p style=\"text-align: justify;\">El Jefe de Estado hizo \u00e9nfasis en que lo m\u00e1s importante es proteger a las familias y que los ciudadanos se capaciten. Si hay personas que no saben lo que deben hacer, sostuvo, es porque no acudieron a las charlas convocadas por personal de la Secretar\u00eda de Gesti\u00f3n de Riesgos (SGR). Empero enfatiz\u00f3 que continuar\u00e1n los talleres en los siguientes d\u00edas. Aprovech\u00f3 para aclararle a los cr\u00edticos, entre ellos expresidentes, del porqu\u00e9 se decret\u00f3 el estado de excepci\u00f3n en todo el pa\u00eds. \u201cEsto nos permite sacar recursos de todos lados o por ejemplo tomar un veh\u00edculo del sector privado para trasladar banano que sirve de alimento para los animales\u201d.<\/p>\n<p style=\"text-align: justify;\">Lea tambi\u00e9n: Correa reitera que mantendr\u00e1 dolarizaci\u00f3n y ayudar\u00e1 a Carchi<\/p>\n<p style=\"text-align: justify;\">Anunci\u00f3 que en caso de un aumento de la alerta, inmediatamente se dar\u00e1 el traslado a sitios seguros a personas de la tercera edad y quienes tengan discapacidades. El 1 de septiembre que empiezan las clases en la Sierra, la primera semana estar\u00e1 destinada a la capacitaci\u00f3n de los escolares. \u201cSe hizo una inversi\u00f3n de $ 5 millones en equipos para el Instituto Geof\u00edsico de la Polit\u00e9cnica, responsable de monitorear al coloso, y se destinar\u00e1 $ 1 mill\u00f3n m\u00e1s\u201d, expres\u00f3 el gobernante.<\/p>\n<p style=\"text-align: justify;\">Esto \u00faltimo es para el sistema de alarmas, que ser\u00e1 instalado en todas las zonas en peligro, e iniciar la evacuaci\u00f3n, si es necesaria.<\/p>\n<p style=\"text-align: justify;\">Ganado se enferma<\/p>\n<p style=\"text-align: justify;\">Una espesa capa de ceniza cubri\u00f3 el lunes a Mulal\u00f3. Las pocas camionetas que circularon por la zona levantaron m\u00e1s el polvo, que cay\u00f3, seg\u00fan los moradores, con mayor intensidad el fin de semana.<\/p>\n<p style=\"text-align: justify;\">La mayor\u00eda de habitantes del lugar tiene mascarillas, pero no todos cubren sus bocas y nariz. Con protecci\u00f3n o sin ella, los comuneros salen a trabajar en el campo.<\/p>\n<p style=\"text-align: justify;\">Los cultivos de papa y ma\u00edz se quemaron por la ceniza. La mayor preocupaci\u00f3n es el ganado, que ya empieza a enfermarse.<\/p>\n<p style=\"text-align: justify;\">Una vaca, que tiene Jos\u00e9 Villalba (comuna de San Ram\u00f3n) desde hace 2 a\u00f1os y medio, tose. Confiesa que los animales no quieren comer el pasto. Ya tiene p\u00e9rdidas econ\u00f3micas. Coment\u00f3 que las reses que, antes de la emergencia, le daban 25 litros de leche, ahora solo producen 15. Vende cada litro en $0,39 y a su casa regresaba con $9,75 cada d\u00eda, ahora solo recibe $5,85. Tambi\u00e9n hay quienes quieren comprarles una vaca de $1.500 en $ 200.<\/p>\n<p style=\"text-align: justify;\">Una vacona de Segundo Chango muri\u00f3 el lunes presuntamente por comer pasto con ceniza. El hombre alquil\u00f3 una camioneta por $5 y la llev\u00f3 a faenarla. Sus hijas le pidieron no comer el animal.<\/p>\n<p style=\"text-align: justify;\">El Magap hizo un censo del ganado. Los moradores estiman que hay 8.000 cabezas. (I)<\/p>\n","protected":false},"excerpt":{"rendered":"<p>El Presidente recorri\u00f3 ayer las \u00e1reas de mayor riesgo en Mulal\u00f3, donde afirm\u00f3 que el pa\u00eds cuenta con $ 500<\/p>\n","protected":false},"author":1,"featured_media":0,"comment_status":"open","ping_status":"open","sticky":false,"template":"","format":"standard","meta":{"footnotes":""},"categories":[1],"tags":[],"_links":{"self":[{"href":"https:\/\/www.ecuadoraldia.com.ec\/index.php?rest_route=\/wp\/v2\/posts\/10237"}],"collection":[{"href":"https:\/\/www.ecuadoraldia.com.ec\/index.php?rest_route=\/wp\/v2\/posts"}],"about":[{"href":"https:\/\/www.ecuadoraldia.com.ec\/index.php?rest_route=\/wp\/v2\/types\/post"}],"author":[{"embeddable":true,"href":"https:\/\/www.ecuadoraldia.com.ec\/index.php?rest_route=\/wp\/v2\/users\/1"}],"replies":[{"embeddable":true,"href":"https:\/\/www.ecuadoraldia.com.ec\/index.php?rest_route=%2Fwp%2Fv2%2Fcomments&post=10237"}],"version-history":[{"count":1,"href":"https:\/\/www.ecuadoraldia.com.ec\/index.php?rest_route=\/wp\/v2\/posts\/10237\/revisions"}],"predecessor-version":[{"id":10239,"href":"https:\/\/www.ecuadoraldia.com.ec\/index.php?rest_route=\/wp\/v2\/posts\/10237\/revisions\/10239"}],"wp:attachment":[{"href":"https:\/\/www.ecuadoraldia.com.ec\/index.php?rest_route=%2Fwp%2Fv2%2Fmedia&parent=10237"}],"wp:term":[{"taxonomy":"category","embeddable":true,"href":"https:\/\/www.ecuadoraldia.com.ec\/index.php?rest_route=%2Fwp%2Fv2%2Fcategories&post=10237"},{"taxonomy":"post_tag","embeddable":true,"href":"https:\/\/www.ecuadoraldia.com.ec\/index.php?rest_route=%2Fwp%2Fv2%2Ftags&post=10237"}],"curies":[{"name":"wp","href":"https:\/\/api.w.org\/{rel}","templated":true}]}}