{"id":10240,"date":"2015-08-27T12:14:58","date_gmt":"2015-08-27T12:14:58","guid":{"rendered":"http:\/\/www.ecuadoraldia.com.ec\/?p=10240"},"modified":"2015-08-27T12:14:58","modified_gmt":"2015-08-27T12:14:58","slug":"colombia-y-venezuela-acuerdan-protocolo-para-deportaciones","status":"publish","type":"post","link":"https:\/\/www.ecuadoraldia.com.ec\/?p=10240","title":{"rendered":"Colombia y Venezuela acuerdan protocolo para deportaciones"},"content":{"rendered":"<p style=\"text-align: justify;\"><a href=\"http:\/\/www.ecuadoraldia.com.ec\/wp-content\/uploads\/2015\/08\/CANCILLERES_COLOMBIA_VENEZUELA_.jpg\"><img loading=\"lazy\" decoding=\"async\" class=\"alignleft size-full wp-image-10241\" src=\"http:\/\/www.ecuadoraldia.com.ec\/wp-content\/uploads\/2015\/08\/CANCILLERES_COLOMBIA_VENEZUELA_.jpg\" alt=\"CANCILLERES_COLOMBIA_VENEZUELA_\" width=\"279\" height=\"186\" \/><\/a>Las cancilleres de Colombia, Mar\u00eda \u00c1ngela Holgu\u00edn (d), y de Venezuela, Delcy Rodr\u00edguez, se reunieron en Cartagena de Indias. Foto: Canciller\u00eda de Colombia<\/p>\n<p style=\"text-align: justify;\">Las cancilleres de Colombia, Mar\u00eda \u00c1ngela Holgu\u00edn (d), y de Venezuela, Delcy Rodr\u00edguez, se reunieron en Cartagena de Indias. Foto: Canciller\u00eda de Colombia<br \/>\nGustavo Veloza, corresponsal Bogot\u00e1<\/p>\n<p style=\"text-align: justify;\">Un compromiso de protocolo para la deportaci\u00f3n de ciudadanos que residen ilegalmente en Venezuela, acordaron la canciller colombiana Mar\u00eda \u00c1ngela Holgu\u00edn y su par venezolana Delcy Rodr\u00edguez, que se reunieron en la ciudad de Cartagena de Indias, pero no se estableci\u00f3 un compromiso en la reapertura de la frontera.<\/p>\n<p style=\"text-align: justify;\">Holgu\u00edn dijo que se estableci\u00f3 un compromiso de protocolo para asistir a los deportados. Se\u00f1al\u00f3 que \u201cdurante d\u00e9cadas Venezuela ha recibido a los colombianos de forma generosa, ese es un sentimiento que nos ha unido y que solo lo pueden decir los dos pa\u00edses\u201d.<\/p>\n<p style=\"text-align: justify;\">La representante de las relaciones exteriores de Colombia, se\u00f1al\u00f3 que \u201chemos solicitado que las defensor\u00edas del pueblo puedan desplazarse al interior de Venezuela, a San Crist\u00f3bal y San Antonio, para desarrollar ese protocolo de las deportaciones\u201d.<\/p>\n<p style=\"text-align: justify;\">Frente al tema del contrabando, Holgu\u00edn se\u00f1al\u00f3 que \u201cen ese sentido hemos trabajado conjuntamente los dos pa\u00edses, se ha detenido a muchas personas, pero es un trabajo de cooperaci\u00f3n y existe el compromiso de seguir trabajando\u201d.<\/p>\n<p style=\"text-align: justify;\">Indic\u00f3 que \u201chemos propuesto una reuni\u00f3n de los ministros de Defensa para que analicen todas esas situaciones ilegales que se encuentran en la frontera\u201d.<\/p>\n<p style=\"text-align: justify;\">Asimismo, Mar\u00eda \u00c1ngela Holgu\u00edn, sostuvo que se lleg\u00f3 a un acuerdo \u201cen fortalecer la estrategia de controlar 43 pasos fronterizos, pero hemos dicho que el gobierno colombiano estar\u00e1 iniciando estas operaciones en corto tiempo\u201d.<\/p>\n<p style=\"text-align: justify;\">Sostuvo que tambi\u00e9n se di\u00e1logo sobre el contrabando de combustibles, \u201ctema en el que esperamos una propuesta de Venezuela para desarrollar en ese sentido\u201d.<\/p>\n<p style=\"text-align: justify;\">Sostuvo la funcionaria colombiana que en el tema del diferencial cambiario, un tema que es complejo, \u201clo van a analizar los ministros de Hacienda de los dos pa\u00edses y esperamos concretar medidas de beneficio para las dos partes\u201d.<\/p>\n<p style=\"text-align: justify;\">Frente a la situaci\u00f3n actual que se ha presentado por el cierre fronterizo, la diplom\u00e1tica colombiana dijo que \u201cde la l\u00ednea de cooperaci\u00f3n con Venezuela nadie nos va a sacar, vamos trabajar juntos en combatir el crimen organizado en la frontera que es lo que genera tanta violencia, pero estamos convencidos que el cierre de la frontera no es el camino para combatir ese flagelo, porque a los dos lados hay mucho movimiento legal que depende entre s\u00ed, por eso hemos hecho un llamado a Venezuela para pueda restablecer el paso\u201d.<\/p>\n<p style=\"text-align: justify;\">Dijo que \u201cvamos a construir los dos pa\u00edses una frontera nueva, productiva para sus habitantes y por eso tenemos un compromiso de trabajar conjuntamente. Yo creo que podemos tener una frontera en paz y digna de nuestros pa\u00edses\u201d.<\/p>\n<p style=\"text-align: justify;\">Por otra parte, mientras avanzaba a reuni\u00f3n entre las cancilleres de Colombia y Venezuela para tratar de llegar a un acuerdo sobre el bloqueo fronterizo, el secretario de Unasur, el expresidente Ernesto Samper, manifest\u00f3, a trav\u00e9s de un comunicado, que ha sostenido conversaciones telef\u00f3nicas con los presientes Santos y Maduro.<\/p>\n<p style=\"text-align: justify;\">Asegur\u00f3 que a ambos les manifest\u00f3 \u00abel deseo de Unasur de contribuir a un arreglo bilateral de estas diferencias a partir de las siguientes premisas:<\/p>\n<p style=\"text-align: justify;\">1.- La inmediata suspensi\u00f3n de las deportaciones de colombianos y la creaci\u00f3n de un mecanismo institucional para a defensa de los derechos de los deportados, conformado por las Defensor\u00edas del Pueblo de ambos pa\u00edses.<\/p>\n<p style=\"text-align: justify;\">2.- La creaci\u00f3n de un mecanismo conjunto entre los dos pa\u00edses para el combate del crimen organizado.<\/p>\n<p style=\"text-align: justify;\">3.- La b\u00fasqueda de mecanismos econ\u00f3micos para manejar las diferencias cambiarias y de precios en la frontera, que ocasionan contrabando\u00bb.<\/p>\n<p style=\"text-align: justify;\">La declaraci\u00f3n del expresidente Samper se dio en medio de su visita a Argentina. \u00abExpreso mi total solidaridad, como lo dije ayer, con los compatriotas que han vivido estos momentos de dificultad para que sus derechos sean reconocidos\u00bb, agreg\u00f3 el secretario general de la Uni\u00f3n de Naciones Suramericanas. (I) El Tel\u00e9grafo<\/p>\n","protected":false},"excerpt":{"rendered":"<p>Las cancilleres de Colombia, Mar\u00eda \u00c1ngela Holgu\u00edn (d), y de Venezuela, Delcy Rodr\u00edguez, se reunieron en Cartagena de Indias. Foto:<\/p>\n","protected":false},"author":1,"featured_media":0,"comment_status":"open","ping_status":"open","sticky":false,"template":"","format":"standard","meta":{"footnotes":""},"categories":[7],"tags":[],"_links":{"self":[{"href":"https:\/\/www.ecuadoraldia.com.ec\/index.php?rest_route=\/wp\/v2\/posts\/10240"}],"collection":[{"href":"https:\/\/www.ecuadoraldia.com.ec\/index.php?rest_route=\/wp\/v2\/posts"}],"about":[{"href":"https:\/\/www.ecuadoraldia.com.ec\/index.php?rest_route=\/wp\/v2\/types\/post"}],"author":[{"embeddable":true,"href":"https:\/\/www.ecuadoraldia.com.ec\/index.php?rest_route=\/wp\/v2\/users\/1"}],"replies":[{"embeddable":true,"href":"https:\/\/www.ecuadoraldia.com.ec\/index.php?rest_route=%2Fwp%2Fv2%2Fcomments&post=10240"}],"version-history":[{"count":1,"href":"https:\/\/www.ecuadoraldia.com.ec\/index.php?rest_route=\/wp\/v2\/posts\/10240\/revisions"}],"predecessor-version":[{"id":10242,"href":"https:\/\/www.ecuadoraldia.com.ec\/index.php?rest_route=\/wp\/v2\/posts\/10240\/revisions\/10242"}],"wp:attachment":[{"href":"https:\/\/www.ecuadoraldia.com.ec\/index.php?rest_route=%2Fwp%2Fv2%2Fmedia&parent=10240"}],"wp:term":[{"taxonomy":"category","embeddable":true,"href":"https:\/\/www.ecuadoraldia.com.ec\/index.php?rest_route=%2Fwp%2Fv2%2Fcategories&post=10240"},{"taxonomy":"post_tag","embeddable":true,"href":"https:\/\/www.ecuadoraldia.com.ec\/index.php?rest_route=%2Fwp%2Fv2%2Ftags&post=10240"}],"curies":[{"name":"wp","href":"https:\/\/api.w.org\/{rel}","templated":true}]}}