{"id":10243,"date":"2015-08-27T12:16:40","date_gmt":"2015-08-27T12:16:40","guid":{"rendered":"http:\/\/www.ecuadoraldia.com.ec\/?p=10243"},"modified":"2015-08-27T12:16:40","modified_gmt":"2015-08-27T12:16:40","slug":"los-sectores-del-transporte-y-el-comercio-en-carchi-seran-exonerados-del-anticipo-al-ir","status":"publish","type":"post","link":"https:\/\/www.ecuadoraldia.com.ec\/?p=10243","title":{"rendered":"Los sectores del transporte y el comercio en Carchi ser\u00e1n exonerados del anticipo al IR"},"content":{"rendered":"<p style=\"text-align: justify;\"><a href=\"http:\/\/www.ecuadoraldia.com.ec\/wp-content\/uploads\/2015\/08\/27-08-15-eco-Comite-Civico-Carchi.jpg\"><img loading=\"lazy\" decoding=\"async\" class=\"alignleft size-medium wp-image-10244\" src=\"http:\/\/www.ecuadoraldia.com.ec\/wp-content\/uploads\/2015\/08\/27-08-15-eco-Comite-Civico-Carchi-300x199.jpg\" alt=\"27-08-15-eco-Comite-Civico-Carchi\" width=\"300\" height=\"199\" srcset=\"https:\/\/www.ecuadoraldia.com.ec\/wp-content\/uploads\/2015\/08\/27-08-15-eco-Comite-Civico-Carchi-300x199.jpg 300w, https:\/\/www.ecuadoraldia.com.ec\/wp-content\/uploads\/2015\/08\/27-08-15-eco-Comite-Civico-Carchi.jpg 305w\" sizes=\"(max-width: 300px) 100vw, 300px\" \/><\/a>La exoneraci\u00f3n del pago del 100% del anticipo al Impuesto a la Renta (IR) para m\u00e1s de 3.500 contribuyentes del sector comercial y de transporte de Carchi, es uno de los beneficios que tendr\u00e1 el sector fronterizo luego de ser declarado como \u2018zona deprimida\u2019, debido al descenso de las ventas luego de la devaluaci\u00f3n del peso colombiano. Esta medida ya roza el 60%.<\/p>\n<p style=\"text-align: justify;\">El sector productivo de Carchi tambi\u00e9n ser\u00e1 beneficiado con la inserci\u00f3n del transporte pesado en el cat\u00e1logo din\u00e1mico inclusivo y con un programa de refinanciamiento de deudas con BanEcuador. Estas primeras soluciones se anunciaron ayer a los sectores productivos de la provincia por parte de una delegaci\u00f3n de funcionarios del Ministerio de la Producci\u00f3n, Comercio Exterior, Servicio de Rentas Internas (SRI), Subsecretar\u00eda de gobernabilidad, entre otros.<\/p>\n<p style=\"text-align: justify;\">El di\u00e1logo productivo, que se realiz\u00f3 en la Casa de la Cultura Benjam\u00edn Carri\u00f3n, n\u00facleo del Carchi, reuni\u00f3 ayer a m\u00e1s de 300 personas interesadas en conocer las ayudas gubernamentales para mejorar la econom\u00eda de la provincia y del cant\u00f3n Tulc\u00e1n, que fuera declarado como \u2018zona deprimida\u2019 el 14 de agosto por el presidente Rafael Correa.<\/p>\n<p style=\"text-align: justify;\">Seg\u00fan David Molina, ministro subrogante de la cartera de Producci\u00f3n, m\u00e1s de 3.500 contribuyentes en la provincia se beneficiar\u00e1n de la exoneraci\u00f3n del pago anticipado del IR, mientras que, a trav\u00e9s del cat\u00e1logo inclusivo, se podr\u00e1 canalizar la demanda del servicio de transporte de carga en la provincia. Los decretos ser\u00edan firmados hoy por el Jefe de Estado.<\/p>\n<p style=\"text-align: justify;\">El objetivo de la compra p\u00fablica es que sea una herramienta para el desarrollo local a trav\u00e9s de los cat\u00e1logos din\u00e1micos inclusivos, indic\u00f3 Nadia Preciado, representante del Servicio de Contrataci\u00f3n P\u00fablica.<\/p>\n<p style=\"text-align: justify;\">Cuatro mesas de trabajo se realizaron concernientes a desarrollo comercial, finanzas, industrial y gobiernos aut\u00f3nomos descentralizados. En una de estas se discuti\u00f3 el cambio en el precio del combustible, para que a Ecuador se venda a precio nacional y un valor diferente para el transportista extranjero.<\/p>\n<p style=\"text-align: justify;\">Guillermo Herrera, prefecto del Carchi, manifest\u00f3 que se piden incentivos concretos como establecer la exoneraci\u00f3n del pago del Impuesto al Valor Agregado (IVA), una ley de desarrollo fronterizo que cree un fondo que sirva para brindar cr\u00e9ditos especiales con tasas preferenciales e implementar una zona de desarrollo.<\/p>\n<p style=\"text-align: justify;\">Para Olga Miranda, comerciante de abastos, la medida ayudar\u00e1 mucho porque le permitir\u00e1 seguir comercializando y capitalizando su negocio. Record\u00f3 que el a\u00f1o anterior por anticipo de impuesto a la renta cancel\u00f3 $ 14.000. Hoy sin ese tributo dice sentirse m\u00e1s aliviada.<\/p>\n<p style=\"text-align: justify;\">La devaluaci\u00f3n del peso colombiano preocupa al Gobierno. Mientras los productos colombianos son m\u00e1s baratos, las exportaciones locales al vecino pa\u00eds se encarecen.<\/p>\n<p style=\"text-align: justify;\">De acuerdo al sector comercial de Tulc\u00e1n, el movimiento comercial se ha reducido el 80% desde diciembre de 2014, cuando inici\u00f3 de forma m\u00e1s acelerada la devaluaci\u00f3n del peso colombiano y muchos de los ecuatorianos prefirieron hacer sus compras en Ipiales.<\/p>\n<p style=\"text-align: justify;\">Unos 14.000 carros con m\u00e1s de 50 mil compradores ecuatorianos cruzan a Ipiales cada fin de semana.<\/p>\n<p style=\"text-align: justify;\">Seg\u00fan la C\u00e1mara de Comercio de Ipiales, los compradores ecuatorianos, en un fin de semana, dejar\u00edan aproximadamente 1.300 millones de pesos ($488.000) entre hoteler\u00eda, restaurantes, microcomercio y otros, en la ciudad colombiana. (I) El telegrafo<\/p>\n","protected":false},"excerpt":{"rendered":"<p>La exoneraci\u00f3n del pago del 100% del anticipo al Impuesto a la Renta (IR) para m\u00e1s de 3.500 contribuyentes del<\/p>\n","protected":false},"author":1,"featured_media":0,"comment_status":"open","ping_status":"open","sticky":false,"template":"","format":"standard","meta":{"footnotes":""},"categories":[1],"tags":[],"_links":{"self":[{"href":"https:\/\/www.ecuadoraldia.com.ec\/index.php?rest_route=\/wp\/v2\/posts\/10243"}],"collection":[{"href":"https:\/\/www.ecuadoraldia.com.ec\/index.php?rest_route=\/wp\/v2\/posts"}],"about":[{"href":"https:\/\/www.ecuadoraldia.com.ec\/index.php?rest_route=\/wp\/v2\/types\/post"}],"author":[{"embeddable":true,"href":"https:\/\/www.ecuadoraldia.com.ec\/index.php?rest_route=\/wp\/v2\/users\/1"}],"replies":[{"embeddable":true,"href":"https:\/\/www.ecuadoraldia.com.ec\/index.php?rest_route=%2Fwp%2Fv2%2Fcomments&post=10243"}],"version-history":[{"count":1,"href":"https:\/\/www.ecuadoraldia.com.ec\/index.php?rest_route=\/wp\/v2\/posts\/10243\/revisions"}],"predecessor-version":[{"id":10245,"href":"https:\/\/www.ecuadoraldia.com.ec\/index.php?rest_route=\/wp\/v2\/posts\/10243\/revisions\/10245"}],"wp:attachment":[{"href":"https:\/\/www.ecuadoraldia.com.ec\/index.php?rest_route=%2Fwp%2Fv2%2Fmedia&parent=10243"}],"wp:term":[{"taxonomy":"category","embeddable":true,"href":"https:\/\/www.ecuadoraldia.com.ec\/index.php?rest_route=%2Fwp%2Fv2%2Fcategories&post=10243"},{"taxonomy":"post_tag","embeddable":true,"href":"https:\/\/www.ecuadoraldia.com.ec\/index.php?rest_route=%2Fwp%2Fv2%2Ftags&post=10243"}],"curies":[{"name":"wp","href":"https:\/\/api.w.org\/{rel}","templated":true}]}}