{"id":10264,"date":"2015-08-28T13:41:06","date_gmt":"2015-08-28T13:41:06","guid":{"rendered":"http:\/\/www.ecuadoraldia.com.ec\/?p=10264"},"modified":"2015-08-28T13:41:06","modified_gmt":"2015-08-28T13:41:06","slug":"crisis-petrolera-obliga-al-gobierno-a-tomar-nuevas-medidas","status":"publish","type":"post","link":"https:\/\/www.ecuadoraldia.com.ec\/?p=10264","title":{"rendered":"Crisis petrolera obliga al gobierno a tomar nuevas medidas"},"content":{"rendered":"<figure id=\"attachment_10265\" aria-describedby=\"caption-attachment-10265\" style=\"width: 284px\" class=\"wp-caption alignleft\"><a href=\"http:\/\/www.ecuadoraldia.com.ec\/wp-content\/uploads\/2015\/08\/rafael_correa_11.jpg\"><img loading=\"lazy\" decoding=\"async\" class=\"size-full wp-image-10265\" src=\"http:\/\/www.ecuadoraldia.com.ec\/wp-content\/uploads\/2015\/08\/rafael_correa_11.jpg\" alt=\"Correa: Ecuador est\u00e1 preparado para enfrentar posible crisis en 2015 \" width=\"284\" height=\"255\" \/><\/a><figcaption id=\"caption-attachment-10265\" class=\"wp-caption-text\">Correa: Ecuador est\u00e1 preparado para enfrentar posible crisis en 2015<\/figcaption><\/figure>\n<p style=\"text-align: justify;\">Quito, 28 agosto de 2015. El Presidente de la Rep\u00fablica, Rafael Correa, reiter\u00f3 que el Ecuador est\u00e1 preparado para enfrentar posibles dificultades econ\u00f3micas en el a\u00f1o 2015, debido a la ca\u00edda del precio del petr\u00f3leo.<\/p>\n<p style=\"text-align: justify;\">El mandatario asever\u00f3 que se han tomado todas las precauciones del caso y recalc\u00f3 que existen estrategias que le permitir\u00e1n al pa\u00eds salir fortalecido de dichos inconvenientes. \u201cEstamos empezando un a\u00f1o dif\u00edcil. \u00abNosotros estamos preocupados pero tambi\u00e9n muy optimistas con la certeza de que vamos a salir fortalecidos de estas dificultados del a\u00f1o 2015. Y pueden estar seguros que hemos tomado todas las precauciones y las estrategias del caso\u201d, expres\u00f3 Correa ayer a los medios de comunicaci\u00f3n, luego de la reuni\u00f3n de gabinete en carondelet donse se analizaron los posibles escenarios estrat\u00e9gicos apar solucionar la crisis.<\/p>\n<p style=\"text-align: justify;\">Seg\u00fan el Jefe de Estado, la mayor torpeza ser\u00eda disminuir el gasto p\u00fablico, como aspiran ciertos opositores, pues dicha medida disminuye la actividad econ\u00f3mica lo que genera desempleo y decrecimiento econ\u00f3mico.<\/p>\n<p style=\"text-align: justify;\">El gobernate sistuvo que el problema no es fiscal ya que el ingreso petrolero es solo 22% del ingreso total del Estado. El problema es externo porque las exportaciones petroleras son el 55% de nuestras exportaciones totales y en dolarizaci\u00f3n directamente el resultado externo determina la cantidad de circulante y con eso el nivel de la actividad de la econom\u00eda\u201d, dijo.<\/p>\n<p style=\"text-align: justify;\">Record\u00f3 que cuando un pa\u00eds cuenta con moneda nacional existe un filtro para la actividad econ\u00f3mica y es que los d\u00f3lares que ingresan a un pa\u00eds pasan por el Banco Central y es esta instituci\u00f3n la que emite moneda nacional y as\u00ed se manejar en algo el nivel de moneda nacional. En el caso de la dolarizaci\u00f3n ese filtro est\u00e1 minimizado por lo que \u201cpr\u00e1cticamente se est\u00e1 a expensas del resultado externo y es lo que determina el circulante en la econom\u00eda y el resultado de la actividad econ\u00f3mica\u201d, manifest\u00f3.<\/p>\n<p style=\"text-align: justify;\">Finalmente se\u00f1al\u00f3 que el Ecuador cuenta con una econom\u00eda s\u00f3lida que mantendr\u00e1 el gasto p\u00fablico y continuar\u00e1 potenciando las pol\u00edticas anticicl\u00edcas para contrarrestar ese choque externo. De esa forma, dijo, contin\u00faa el nivel de actividad econ\u00f3mica sin que haya un colapso externo. \u201cHacemos eso porque las cuentas fiscales del Ecuador gozan de una gran salud\u201d.<\/p>\n<p style=\"text-align: justify;\">El escenario actual es distinto. Adem\u00e1s de un recorte al Presupuesto de este a\u00f1o de USD \u20281 420 millones, este mes el Gobierno firm\u00f3 convenios de financiamiento por USD 7 500 millones.<\/p>\n<p style=\"text-align: justify;\">la ca\u00edda de precios de hace seis a\u00f1os se dio por una reducci\u00f3n de la demanda de los grandes consumidores de crudo.\u2029 Hoy, en cambio, la ca\u00edda de precios del crudo se debe, adem\u00e1s de factores especulativos, a un exceso de oferta de pa\u00edses como EE.UU. Rusia y Brasil, que dif\u00edcilmente pueden cambiar en el corto plazo. \u2029Ahora los precios del petr\u00f3leo, que han perdido m\u00e1s del 50% de su valor desde julio del 2013, dif\u00edcilmente volver\u00e1n a subir en el mediano plazo. En este escenario, la ca\u00edda puede prolongarse durante todo el presente a\u00f1o, dijo.<\/p>\n<p style=\"text-align: justify;\">por parte de los sectores de la oposici\u00f3n en la asamblea nacional hay cr\u00edsticas a la pol\u00edtica gubernamental. Lourdes Tib\u00e1n del Movimiento Pachakutik, dijo que el r\u00e9gimen debe empezar por eliminar la secretar\u00eda de coordinaci\u00f3n pol\u00edtica, porque esta es simplemente una organizaci\u00f3n que beneficia a Alianza pa\u00eds con recursos del estado; otro organismo que deber\u00eda desaperecer es la secreter\u00eda del buen vivir por cuanto el \u00fanico que practica el buen vivir es Freddy Ehlers.<br \/>\nAdem\u00e1s record\u00f3 que en su momento demando de la asamblea un pronunciamiento claro respecto de la fijaci\u00f3n del precio del barril de petr\u00f3leo en el presupuesto del Estado vigente. Para Tib\u00e9n el precio de $76 era exagerado y se debieron tomar otras formas de financiar el Presupuesto del 2015.<\/p>\n","protected":false},"excerpt":{"rendered":"<p>Quito, 28 agosto de 2015. El Presidente de la Rep\u00fablica, Rafael Correa, reiter\u00f3 que el Ecuador est\u00e1 preparado para enfrentar<\/p>\n","protected":false},"author":1,"featured_media":0,"comment_status":"open","ping_status":"open","sticky":false,"template":"","format":"standard","meta":{"footnotes":""},"categories":[1],"tags":[],"_links":{"self":[{"href":"https:\/\/www.ecuadoraldia.com.ec\/index.php?rest_route=\/wp\/v2\/posts\/10264"}],"collection":[{"href":"https:\/\/www.ecuadoraldia.com.ec\/index.php?rest_route=\/wp\/v2\/posts"}],"about":[{"href":"https:\/\/www.ecuadoraldia.com.ec\/index.php?rest_route=\/wp\/v2\/types\/post"}],"author":[{"embeddable":true,"href":"https:\/\/www.ecuadoraldia.com.ec\/index.php?rest_route=\/wp\/v2\/users\/1"}],"replies":[{"embeddable":true,"href":"https:\/\/www.ecuadoraldia.com.ec\/index.php?rest_route=%2Fwp%2Fv2%2Fcomments&post=10264"}],"version-history":[{"count":1,"href":"https:\/\/www.ecuadoraldia.com.ec\/index.php?rest_route=\/wp\/v2\/posts\/10264\/revisions"}],"predecessor-version":[{"id":10266,"href":"https:\/\/www.ecuadoraldia.com.ec\/index.php?rest_route=\/wp\/v2\/posts\/10264\/revisions\/10266"}],"wp:attachment":[{"href":"https:\/\/www.ecuadoraldia.com.ec\/index.php?rest_route=%2Fwp%2Fv2%2Fmedia&parent=10264"}],"wp:term":[{"taxonomy":"category","embeddable":true,"href":"https:\/\/www.ecuadoraldia.com.ec\/index.php?rest_route=%2Fwp%2Fv2%2Fcategories&post=10264"},{"taxonomy":"post_tag","embeddable":true,"href":"https:\/\/www.ecuadoraldia.com.ec\/index.php?rest_route=%2Fwp%2Fv2%2Ftags&post=10264"}],"curies":[{"name":"wp","href":"https:\/\/api.w.org\/{rel}","templated":true}]}}