{"id":10270,"date":"2015-09-01T13:22:43","date_gmt":"2015-09-01T13:22:43","guid":{"rendered":"http:\/\/www.ecuadoraldia.com.ec\/?p=10270"},"modified":"2015-09-01T13:22:43","modified_gmt":"2015-09-01T13:22:43","slug":"canciller-lasso-arregui-ha-optado-por-un-pronunciamiento-politico-sesgado","status":"publish","type":"post","link":"https:\/\/www.ecuadoraldia.com.ec\/?p=10270","title":{"rendered":"Canciller Lasso: \u00abArregui ha optado por un pronunciamiento pol\u00edtico-sesgado\u00bb"},"content":{"rendered":"<p style=\"text-align: justify;\"><a href=\"http:\/\/www.ecuadoraldia.com.ec\/wp-content\/uploads\/2015\/09\/pol-Xavier-Lasso.jpg\"><img loading=\"lazy\" decoding=\"async\" class=\"alignleft size-full wp-image-10271\" src=\"http:\/\/www.ecuadoraldia.com.ec\/wp-content\/uploads\/2015\/09\/pol-Xavier-Lasso.jpg\" alt=\"pol-Xavier-Lasso\" width=\"290\" height=\"227\" \/><\/a>Para el canciller subrogante de Ecuador, Xavier Lasso, las declaraciones del arzobispo de Guayaquil, Antonio Arregui, tuvieron una \u00abintencionalidad pol\u00edtica muy clara y est\u00e1 muy ajena a su misi\u00f3n y condici\u00f3n de prelado\u00bb.<\/p>\n<p style=\"text-align: justify;\">En entrevista con el portal Ecuador Inmediato, Lasso explic\u00f3 que la Canciller\u00eda bas\u00f3 su nota enviada a El Vaticano, en las declaraciones que Arregui pronunciara el 25 de agosto pasado, y que recogieron varios medios de comunicaci\u00f3n, en las que indic\u00f3: \u00abSe han restringido peligrosamente (los espacios de discusi\u00f3n de todos los asuntos p\u00fablicos) quedando solo la calle para manifestar el descontento\u00bb.<\/p>\n<p style=\"text-align: justify;\">El Canciller cuestion\u00f3 que estas palabras Arregui las haya pronunciado en un contexto politico y social complicado en el Ecuador, \u00abcuando hemos estado asistiendo a manifestaciones callejeras, es una manifestaci\u00f3n n\u00edtidamente pol\u00edtica, y nosotros simplemente le dec\u00edamos a la honorable Nunciatura Apost\u00f3lica que esto no contribuye al ambiente de paz que quiere promover el gobierno del Ecuador que ha lanzado el di\u00e1logo por la equidad y la justicia social\u00bb.<\/p>\n<p style=\"text-align: justify;\">\u00abY hacer una declaraci\u00f3n con esos contenidos, con esas palabras, con esas implicaciones nos parec\u00eda que el arzobispo tiene una intencionalidad pol\u00edtica muy clara y est\u00e1 muy ajena a su misi\u00f3n y condici\u00f3n de prelado\u00bb, puntualiz\u00f3.<\/p>\n<p style=\"text-align: justify;\">El Canciller dej\u00f3 en claro que se han considerado como autor de esos pronunciamientos a Arregui, mas no a la Iglesia Cat\u00f3lica. \u00abEstamos levantando esta nota para que la Nunciatura Apost\u00f3lica dialogue y que le pregunte si es correcto lo que ha dicho, si estas son sus palabras, si le parece bien que \u00e9l se inscriba en este caliente momento pol\u00edtico interno nacional, con unos pronunciamientos que buscan como echarle gasolina al fuego\u00bb, indic\u00f3.<\/p>\n<p style=\"text-align: justify;\">Agreg\u00f3 que incluso se le escribi\u00f3 al Embajador de Ecuador en la Santa Sede, para que le haga conocer al Vaticano: porque aqu\u00ed tiene usted un representante de la Iglesia Cat\u00f3lica, un representante que se inscribe n\u00edtidamente en la pol\u00edtica interna, favoreciendo una tendencia de esa pol\u00edtica, y que nos digan o no si es correcto que un prelado que tiene otra misi\u00f3n y que no es de inscribirse en el debate pol\u00edtico m\u00e1s acalorado, lo debe de seguir haciendo. Alguien tendr\u00eda que llamarle la atenci\u00f3n, alguien tendr\u00eda que convocarlo para reflexionar con \u00e9l si esta es su misi\u00f3n\u00bb.<\/p>\n<p style=\"text-align: justify;\">Sobre la carta de Arregui en la que se expresar\u00eda que sus pronunciamientos fueron \u00aben estrecha comuni\u00f3n con los hermanos arzobispos de Ecuador\u00bb, Lasso indic\u00f3 que este tendr\u00eda que demostrar que fue una declaraci\u00f3n institucional. De hecho, el pr\u00f3ximo 3 de septiembre la Conferencia Episcopal Ecuatoriana se reunir\u00eda para tratar el tema.<\/p>\n<p style=\"text-align: justify;\">\u00abTendr\u00edan que tener un pronunciamiento como instituci\u00f3n y nosotros ver\u00edamos qu\u00e9 respuesta dar a eso y que lo juzgue el pueblo de Ecuador, la ciudadan\u00eda, si de verdad le corresponde a la Iglesia Cat\u00f3lica pronunciarse de esa manera, inscribirse en un momento pol\u00edtico complejo y delicado del Ecuador, pronunci\u00e1ndose sesgadamente\u00bb, subray\u00f3 Lasso.<\/p>\n<p style=\"text-align: justify;\">A\u00f1adi\u00f3 que si bien Arregui tiene libertades y le asisten todos los derechos como ciudadano que es, se remite a las declaraciones del 25 de agosto que son \u00abcomo una incitaci\u00f3n a la calle\u00bb.<\/p>\n<p style=\"text-align: justify;\">\u00abSi le corresponde, si \u00e9l dice que eso es producto de su libertad personal, est\u00e1 bien, \u00e9l ha optado por un pronunciamiento clar\u00edsimamente pol\u00edtico-partidista, pol\u00edtico-sesgado. No en ese sentido general de la palabla pol\u00edtico, sino en ese sentido espec\u00edfico de la partidizaci\u00f3n de un pronunciamiento\u00bb, apunt\u00f3 el Canciller al explicar que es \u00ableg\u00edtimo\u00bb entonces que reciba respuestas pol\u00edticas.<\/p>\n","protected":false},"excerpt":{"rendered":"<p>Para el canciller subrogante de Ecuador, Xavier Lasso, las declaraciones del arzobispo de Guayaquil, Antonio Arregui, tuvieron una \u00abintencionalidad pol\u00edtica<\/p>\n","protected":false},"author":1,"featured_media":0,"comment_status":"open","ping_status":"open","sticky":false,"template":"","format":"standard","meta":{"footnotes":""},"categories":[3],"tags":[],"_links":{"self":[{"href":"https:\/\/www.ecuadoraldia.com.ec\/index.php?rest_route=\/wp\/v2\/posts\/10270"}],"collection":[{"href":"https:\/\/www.ecuadoraldia.com.ec\/index.php?rest_route=\/wp\/v2\/posts"}],"about":[{"href":"https:\/\/www.ecuadoraldia.com.ec\/index.php?rest_route=\/wp\/v2\/types\/post"}],"author":[{"embeddable":true,"href":"https:\/\/www.ecuadoraldia.com.ec\/index.php?rest_route=\/wp\/v2\/users\/1"}],"replies":[{"embeddable":true,"href":"https:\/\/www.ecuadoraldia.com.ec\/index.php?rest_route=%2Fwp%2Fv2%2Fcomments&post=10270"}],"version-history":[{"count":1,"href":"https:\/\/www.ecuadoraldia.com.ec\/index.php?rest_route=\/wp\/v2\/posts\/10270\/revisions"}],"predecessor-version":[{"id":10272,"href":"https:\/\/www.ecuadoraldia.com.ec\/index.php?rest_route=\/wp\/v2\/posts\/10270\/revisions\/10272"}],"wp:attachment":[{"href":"https:\/\/www.ecuadoraldia.com.ec\/index.php?rest_route=%2Fwp%2Fv2%2Fmedia&parent=10270"}],"wp:term":[{"taxonomy":"category","embeddable":true,"href":"https:\/\/www.ecuadoraldia.com.ec\/index.php?rest_route=%2Fwp%2Fv2%2Fcategories&post=10270"},{"taxonomy":"post_tag","embeddable":true,"href":"https:\/\/www.ecuadoraldia.com.ec\/index.php?rest_route=%2Fwp%2Fv2%2Ftags&post=10270"}],"curies":[{"name":"wp","href":"https:\/\/api.w.org\/{rel}","templated":true}]}}