{"id":10288,"date":"2015-09-01T22:07:03","date_gmt":"2015-09-01T22:07:03","guid":{"rendered":"http:\/\/www.ecuadoraldia.com.ec\/?p=10288"},"modified":"2015-09-01T22:07:03","modified_gmt":"2015-09-01T22:07:03","slug":"ecuador-espera-solucion-urgente-y-justa-para-crisis-colombo-venezolana","status":"publish","type":"post","link":"https:\/\/www.ecuadoraldia.com.ec\/?p=10288","title":{"rendered":"Ecuador espera soluci\u00f3n \u00aburgente y justa\u00bb para crisis colombo-venezolana"},"content":{"rendered":"<p style=\"text-align: justify;\"><a href=\"http:\/\/www.ecuadoraldia.com.ec\/wp-content\/uploads\/2015\/09\/LASSO.jpg\"><img loading=\"lazy\" decoding=\"async\" class=\"alignleft size-full wp-image-10289\" src=\"http:\/\/www.ecuadoraldia.com.ec\/wp-content\/uploads\/2015\/09\/LASSO.jpg\" alt=\"LASSO\" width=\"293\" height=\"217\" \/><\/a>El Gobierno de Ecuador expres\u00f3 su solidaridad con Colombia y Venezuela por la crisis fronteriza y diplom\u00e1tica que estall\u00f3 hace dos semanas, al tiempo que abog\u00f3 por una soluci\u00f3n que permita devolver la paz a estas naciones.<\/p>\n<p style=\"text-align: justify;\">\u00abEsperamos sinceramente que ambos gobiernos encuentren soluciones urgentes, justas y duraderas que les permitan devolver la paz a sus naciones, y a los pueblos bolivarianos les permitan seguir caminando hacia el lugar que nosotros conocemos como la Patria Grande\u00bb, expres\u00f3 este martes el canciller subrogante Xavier Lasso.<\/p>\n<p style=\"text-align: justify;\">Las declaraciones del representante de la diplomacia ecuatoriana se dieron en el marco de la reuni\u00f3n preparatoria para el IV Gabinete Binacional Ecuador-Colombia.<\/p>\n<p style=\"text-align: justify;\">El Canciller tambi\u00e9n reiter\u00f3 el apoyo del Gobierno ecuatoriano al proceso de paz en Colombia y destac\u00f3 la decisi\u00f3n y esfuerzo de las autoridades de ese pa\u00eds \u00aben buscar una paz duradera en beneficio de su pueblo y tambi\u00e9n de nuestra regi\u00f3n\u00bb.<\/p>\n<p style=\"text-align: justify;\">Al finalizar su intervenci\u00f3n, el Ministro ecuatoriano invit\u00f3 a seguir trabajando de manera ecu\u00e1nime para el permanente fortalecimiento de nuestras relaciones bilaterales y fronterizas. En ese sentido, Lasso resalt\u00f3 que \u00abla integraci\u00f3n no se construye con mera ret\u00f3rica. Necesitamos acciones concretas con una visi\u00f3n estrat\u00e9gica\u00bb.<\/p>\n<p style=\"text-align: justify;\">Adem\u00e1s, enfatiz\u00f3 que \u00aben esta b\u00fasqueda de consensos y en aplicaci\u00f3n de nuestros compromisos sigamos logrando mayor bienestar y menos desigualdades para nuestros pueblos. Am\u00e9rica Latina no es la regi\u00f3n m\u00e1s pobre del planeta, pero si es la m\u00e1s inequitativa y ah\u00ed tenemos una tarea enorme tanto los ecuatorianos y ecuatorianas, colombianas y colombianos\u00bb.<\/p>\n<p style=\"text-align: justify;\">La reuni\u00f3n preparatoria para el IV Gabinete Binacional se llev\u00f3 a cabo en la sede del Ministerio de Relaciones Exteriores de Colombia. (I) (El tel\u00e9grafo)<\/p>\n","protected":false},"excerpt":{"rendered":"<p>El Gobierno de Ecuador expres\u00f3 su solidaridad con Colombia y Venezuela por la crisis fronteriza y diplom\u00e1tica que estall\u00f3 hace<\/p>\n","protected":false},"author":1,"featured_media":0,"comment_status":"open","ping_status":"open","sticky":false,"template":"","format":"standard","meta":{"footnotes":""},"categories":[1],"tags":[],"_links":{"self":[{"href":"https:\/\/www.ecuadoraldia.com.ec\/index.php?rest_route=\/wp\/v2\/posts\/10288"}],"collection":[{"href":"https:\/\/www.ecuadoraldia.com.ec\/index.php?rest_route=\/wp\/v2\/posts"}],"about":[{"href":"https:\/\/www.ecuadoraldia.com.ec\/index.php?rest_route=\/wp\/v2\/types\/post"}],"author":[{"embeddable":true,"href":"https:\/\/www.ecuadoraldia.com.ec\/index.php?rest_route=\/wp\/v2\/users\/1"}],"replies":[{"embeddable":true,"href":"https:\/\/www.ecuadoraldia.com.ec\/index.php?rest_route=%2Fwp%2Fv2%2Fcomments&post=10288"}],"version-history":[{"count":1,"href":"https:\/\/www.ecuadoraldia.com.ec\/index.php?rest_route=\/wp\/v2\/posts\/10288\/revisions"}],"predecessor-version":[{"id":10290,"href":"https:\/\/www.ecuadoraldia.com.ec\/index.php?rest_route=\/wp\/v2\/posts\/10288\/revisions\/10290"}],"wp:attachment":[{"href":"https:\/\/www.ecuadoraldia.com.ec\/index.php?rest_route=%2Fwp%2Fv2%2Fmedia&parent=10288"}],"wp:term":[{"taxonomy":"category","embeddable":true,"href":"https:\/\/www.ecuadoraldia.com.ec\/index.php?rest_route=%2Fwp%2Fv2%2Fcategories&post=10288"},{"taxonomy":"post_tag","embeddable":true,"href":"https:\/\/www.ecuadoraldia.com.ec\/index.php?rest_route=%2Fwp%2Fv2%2Ftags&post=10288"}],"curies":[{"name":"wp","href":"https:\/\/api.w.org\/{rel}","templated":true}]}}