{"id":10291,"date":"2015-09-01T22:17:28","date_gmt":"2015-09-01T22:17:28","guid":{"rendered":"http:\/\/www.ecuadoraldia.com.ec\/?p=10291"},"modified":"2015-09-01T22:17:28","modified_gmt":"2015-09-01T22:17:28","slug":"radio-futbol-fm-y-luis-baldeon-reciben-amonestacion-escrita","status":"publish","type":"post","link":"https:\/\/www.ecuadoraldia.com.ec\/?p=10291","title":{"rendered":"Radio F\u00fatbol FM y Luis Balde\u00f3n reciben amonestaci\u00f3n escrita"},"content":{"rendered":"<p style=\"text-align: justify;\"><a href=\"http:\/\/www.ecuadoraldia.com.ec\/wp-content\/uploads\/2015\/09\/15-08-31_F\u00fatbol_FM_Machado_Villacr\u00e9s.jpg\"><img loading=\"lazy\" decoding=\"async\" class=\"alignleft size-full wp-image-10292\" src=\"http:\/\/www.ecuadoraldia.com.ec\/wp-content\/uploads\/2015\/09\/15-08-31_F\u00fatbol_FM_Machado_Villacr\u00e9s.jpg\" alt=\"15-08-31_F\u00fatbol_FM_Machado_Villacr\u00e9s\" width=\"282\" height=\"141\" \/><\/a>Comunicaci\u00f3n (SUPERCOM), de conformidad con las atribuciones establecidas en el art\u00edculo 56 de la Ley Org\u00e1nica de Comunicaci\u00f3n (LOC), emiti\u00f3 una amonestaci\u00f3n escrita a la Radiodifusora Para\u00edso Radialpa S.A. \u201cRadio F\u00fatbol FM\u201d y al se\u00f1or Luis Miguel Balde\u00f3n, previni\u00e9ndoles de la obligaci\u00f3n que tienen de corregir y \u201cmejorar sus pr\u00e1cticas para el pleno y eficaz ejercicio de los derechos a la comunicaci\u00f3n\u201d. Adem\u00e1s, \u201cse les conmina a abstenerse de reincidir en el cometimiento de actos\u201d contrarios a lo que establece la LOC.<\/p>\n<p style=\"text-align: justify;\">En la resoluci\u00f3n se determin\u00f3 que el referido medio de comunicaci\u00f3n social inobserv\u00f3 la norma deontol\u00f3gica prevista en el art\u00edculo 10, numeral 1, literal a) de la LOC, concerniente a la dignidad humana, espec\u00edficamente a \u201crespetar la honra y la reputaci\u00f3n de las personas\u201d en el programa \u201cMira qui\u00e9n habla\u201d, difundido el 10 de julio de 2015, de 16:00 a 18:00.<\/p>\n<p style=\"text-align: justify;\">La decisi\u00f3n fue notificada a las partes involucradas y es de obligatorio cumplimiento conforme lo establecen los art\u00edculos 55 y 58 de la LOC.<\/p>\n<p style=\"text-align: justify;\">ANTECEDENTES<\/p>\n<p style=\"text-align: justify;\">-El 10 de julio de 2015, en el programa \u201cMira qui\u00e9n habla\u201d, el locutor Luis Miguel Balde\u00f3n Loza, realiz\u00f3 una serie de aseveraciones respecto a la situaci\u00f3n laboral de los denunciantes, se\u00f1ores Roberto Carlos y Esteban Sebasti\u00e1n Machado Villacr\u00e9s, refiri\u00e9ndose a temas de privilegios y prebendas, por motivos de familia, tradici\u00f3n, dinast\u00eda y legados.<\/p>\n<p style=\"text-align: justify;\">-El 30 de julio, los se\u00f1ores Roberto Carlos Machado Villacr\u00e9s y Esteban Sebasti\u00e1n Machado Villacr\u00e9s plantearon la denuncia ante la SUPERCOM en contra del medio de comunicaci\u00f3n social \u201cRadio F\u00fatbol FM\u201d y del se\u00f1or Balde\u00f3n por presuntamente incumplir lo dispuesto en el art\u00edculo 10, numerales 1, literal a); y, 3, literal b) de la LOC.<\/p>\n<p style=\"text-align: justify;\">&#8211; Luego de notificar a las partes con el auto de calificaci\u00f3n de la denuncia, se les convoc\u00f3 a la Audiencia de Sustanciaci\u00f3n establecida para el 21 de agosto de 2015, tal como lo establece el art\u00edculo 14 del Reglamento para el Procesamiento de Infracciones Administrativas a la LOC.<\/p>\n<p style=\"text-align: justify;\">-En la fecha mencionada se constat\u00f3 la asistencia de la abogada Gabriela Salvador, en representaci\u00f3n del medio de comunicaci\u00f3n social \u201cRadio F\u00fatbol FM\u201d y del se\u00f1or Luis Miguel Balde\u00f3n, y del abogado Ricardo Javier Enr\u00edquez Carrera, en representaci\u00f3n de los se\u00f1ores Esteban Sebasti\u00e1n y Roberto Carlos Machado Villacr\u00e9s.<\/p>\n<p style=\"text-align: justify;\">-La representante del medio, en su parte medular, expres\u00f3 que el contenido del programa est\u00e1 identificado y clasificado como \u2018Deportivo\u2019 (D) y \u2018De opini\u00f3n\u2019 y que nunca se menoscab\u00f3 la honra de los se\u00f1ores Machado en su condici\u00f3n de periodistas, simplemente se dijo que la compa\u00f1\u00eda MACHDEPORTES suscribi\u00f3 un contrato con la compa\u00f1\u00eda DIRECTV. La abogada a\u00f1adi\u00f3 que MACHDEPORTES contiene un paquete accionario compuesto por los se\u00f1ores Machado Villacr\u00e9s y su padre, \u201ctal es as\u00ed que el mismo presentador de la cadena DIRECTV es Gerente General de la compa\u00f1\u00eda MACHDEPORTES\u201d. De ah\u00ed que la opini\u00f3n personal del se\u00f1or Balde\u00f3n se fundament\u00f3 en dicha informaci\u00f3n, agreg\u00f3. \u201cNo existe desmedro a la reputaci\u00f3n, honra de los denunciantes, por el contrario, (es) la opini\u00f3n personal del locutor Balde\u00f3n, que ha pretendido calificar una actividad comunicacional realizada por los denunciantes\u201d.<\/p>\n<p style=\"text-align: justify;\">-Por su parte, el abogado de los denunciantes afirm\u00f3 que las expresiones del locutor vulneraron la horna y reputaci\u00f3n de los se\u00f1ores Machado, lo cual \u201cha reflejado una imagen hacia la opini\u00f3n p\u00fablica muy negativa\u201d, tomando en cuenta que los oyentes del programa \u201cMira qui\u00e9n habla\u201d no se identificaron con sus nombres y apellidos y tambi\u00e9n comentaron sobre el tema. \u201cEl se\u00f1or Luis Miguel Balde\u00f3n dej\u00f3 de emitir su opini\u00f3n para calificar todos estos hechos que han sido denunciados y las expresiones vertidas como la verdad, como hechos, como lo que \u00e9l auto determin\u00f3 que es la verdad\u201d. Tambi\u00e9n sostuvo que la emisora \u201cno est\u00e1 exenta de responsabilidad administrativa por estos hechos denunciados\u201d.<\/p>\n<p style=\"text-align: justify;\">Luego del an\u00e1lisis de los elementos jur\u00eddicos se determin\u00f3 que el se\u00f1or Balde\u00f3n emiti\u00f3 una serie de aseveraciones respecto de la situaci\u00f3n profesional y del estatus laboral de los se\u00f1ores Machado. Dichas afirmaciones, seg\u00fan la resoluci\u00f3n, correspondieron \u201ca informaci\u00f3n y no a una mera opini\u00f3n\u201d.<\/p>\n<p style=\"text-align: justify;\">\u201c(\u2026) El se\u00f1or Luis Miguel Balde\u00f3n Loza y el medio de comunicaci\u00f3n social denunciado Radiodifusora Para\u00edso Radialpa S.A \u201cRadio F\u00fatbol FM\u201d, en el programa \u201cMira Qui\u00e9n Habla\u201d, de forma clara e inequ\u00edvoca, difundieron informaci\u00f3n tendiente a desprestigiar o reducir la credibilidad p\u00fablica de los denunciantes.<\/p>\n<p style=\"text-align: justify;\">El uso de t\u00e9rminos \u201cse palanquearon con el pap\u00e1\u201d o \u201cpalanqueados\u201d atent\u00f3 en contra del honor, la honra y la reputaci\u00f3n de los accionantes, puesto que se dar\u00eda \u201ca entender que los denunciantes laboran en la referida cadena de televisi\u00f3n por suscripci\u00f3n, por una presunta existencia de prebendas y privilegios basados en relaciones comerciales y del peso coyuntural que tiene el apellido de la \u2018dinast\u00eda y legado\u2019 Machado, en el \u00e1mbito del periodismo deportivo\u201d.<\/p>\n<p style=\"text-align: justify;\">La SUPERCOM recalc\u00f3 que la libertad de expresi\u00f3n no constituye una carta abierta para difundir o emitir contenidos comunicacionales, que irrespeten los derechos fundamentales de las personas. Tambi\u00e9n record\u00f3 que \u201cel l\u00edmite o el marco dentro del cual los medios de comunicaci\u00f3n social se desarrollan, es la responsabilidad com\u00fan, establecida en el art\u00edculo 71 de la Ley Org\u00e1nica de Comunicaci\u00f3n, en virtud de la cual, los medios de comunicaci\u00f3n deben tener presente en todo momento que la informaci\u00f3n es un derecho constitucional y la comunicaci\u00f3n que se realiza a trav\u00e9s de esos medios, es un servicio p\u00fablico que debe ser prestado con responsabilidad y calidad\u201d. (i) (fuente SUPERCOM )<\/p>\n","protected":false},"excerpt":{"rendered":"<p>Comunicaci\u00f3n (SUPERCOM), de conformidad con las atribuciones establecidas en el art\u00edculo 56 de la Ley Org\u00e1nica de Comunicaci\u00f3n (LOC), emiti\u00f3<\/p>\n","protected":false},"author":1,"featured_media":0,"comment_status":"open","ping_status":"open","sticky":false,"template":"","format":"standard","meta":{"footnotes":""},"categories":[3],"tags":[],"_links":{"self":[{"href":"https:\/\/www.ecuadoraldia.com.ec\/index.php?rest_route=\/wp\/v2\/posts\/10291"}],"collection":[{"href":"https:\/\/www.ecuadoraldia.com.ec\/index.php?rest_route=\/wp\/v2\/posts"}],"about":[{"href":"https:\/\/www.ecuadoraldia.com.ec\/index.php?rest_route=\/wp\/v2\/types\/post"}],"author":[{"embeddable":true,"href":"https:\/\/www.ecuadoraldia.com.ec\/index.php?rest_route=\/wp\/v2\/users\/1"}],"replies":[{"embeddable":true,"href":"https:\/\/www.ecuadoraldia.com.ec\/index.php?rest_route=%2Fwp%2Fv2%2Fcomments&post=10291"}],"version-history":[{"count":1,"href":"https:\/\/www.ecuadoraldia.com.ec\/index.php?rest_route=\/wp\/v2\/posts\/10291\/revisions"}],"predecessor-version":[{"id":10293,"href":"https:\/\/www.ecuadoraldia.com.ec\/index.php?rest_route=\/wp\/v2\/posts\/10291\/revisions\/10293"}],"wp:attachment":[{"href":"https:\/\/www.ecuadoraldia.com.ec\/index.php?rest_route=%2Fwp%2Fv2%2Fmedia&parent=10291"}],"wp:term":[{"taxonomy":"category","embeddable":true,"href":"https:\/\/www.ecuadoraldia.com.ec\/index.php?rest_route=%2Fwp%2Fv2%2Fcategories&post=10291"},{"taxonomy":"post_tag","embeddable":true,"href":"https:\/\/www.ecuadoraldia.com.ec\/index.php?rest_route=%2Fwp%2Fv2%2Ftags&post=10291"}],"curies":[{"name":"wp","href":"https:\/\/api.w.org\/{rel}","templated":true}]}}