{"id":10294,"date":"2015-09-01T22:18:16","date_gmt":"2015-09-01T22:18:16","guid":{"rendered":"http:\/\/www.ecuadoraldia.com.ec\/?p=10294"},"modified":"2015-09-01T22:18:16","modified_gmt":"2015-09-01T22:18:16","slug":"superintendente-carlos-ochoa-participo-en-mesa-redonda","status":"publish","type":"post","link":"https:\/\/www.ecuadoraldia.com.ec\/?p=10294","title":{"rendered":"Superintendente Carlos Ochoa particip\u00f3 en mesa redonda"},"content":{"rendered":"<p style=\"text-align: justify;\"><a href=\"http:\/\/www.ecuadoraldia.com.ec\/wp-content\/uploads\/2015\/09\/15-08-28_socializacion_ACTV.jpg\"><img loading=\"lazy\" decoding=\"async\" class=\"alignleft size-full wp-image-10295\" src=\"http:\/\/www.ecuadoraldia.com.ec\/wp-content\/uploads\/2015\/09\/15-08-28_socializacion_ACTV.jpg\" alt=\"15-08-28_socializacion_ACTV\" width=\"293\" height=\"224\" \/><\/a>15 08 31. La noche del 28 de agosto de 2015, el Superintendente de la Informaci\u00f3n y Comunicaci\u00f3n, Carlos Ochoa, particip\u00f3 como uno de los panelistas principales en la mesa redonda denominada \u201cRegulaciones y Sanciones a los Medios de Comunicaci\u00f3n en el Ecuador\u201d.<\/p>\n<p style=\"text-align: justify;\">El acto se desarroll\u00f3 en la Facultad de Filosof\u00eda de la Universidad Cat\u00f3lica de Santiago de Guayaquil (UCSG), y tuvo como finalidad analizar la supervisi\u00f3n ejercida por la Superintendencia de Informaci\u00f3n y Comunicaci\u00f3n (SUPERCOM), en el cumplimiento de la Ley Org\u00e1nica de Comunicaci\u00f3n (LOC).<\/p>\n<p style=\"text-align: justify;\">El Superintendente comparti\u00f3 la mesa con Juan Pablo Rojas, abogado especializado en medios de comunicaci\u00f3n; Maritza Carvajal, docente de la Carrera de Comunicaci\u00f3n de la Universidad Cat\u00f3lica Santiago de Guayaquil (UCSG); Priscila Falcon\u00ed, asesora jur\u00eddica de Granasa S.A y Romel Jurado, jurista y coautor de la LOC.<\/p>\n<p style=\"text-align: justify;\">Durante su intervenci\u00f3n, el Carlos Ochoa se refiri\u00f3 a la rectificaci\u00f3n por parte de los medios de comunicaci\u00f3n y su cumplimiento en el mismo espacio en el que se public\u00f3 la informaci\u00f3n inexacta. \u201cPor ejemplo, si en un espacio de noticias se transmiti\u00f3 durante tres minutos la informaci\u00f3n err\u00f3nea, el ciudadano afectado tiene todo el derecho de exigir la rectificaci\u00f3n en ese mismo tiempo y espacio\u201d, detall\u00f3.<\/p>\n<p style=\"text-align: justify;\">En el debate, la asesora jur\u00eddica de Granasa S.A, Priscila Falcon\u00ed, pregunt\u00f3 qu\u00e9 tan imparcial puede ser la SUPERCOM en un procedimiento de rectificaci\u00f3n al ser un tribunal excepcional.<\/p>\n<p style=\"text-align: justify;\">Frente a ello, el Superintendente record\u00f3 que las resoluciones de la SUPERCOM no son definitivas y se pueden apelar ante el Tribunal Contencioso Administrativo.<\/p>\n<p style=\"text-align: justify;\">Por su parte, el jurista y coautor de la Ley de Comunicaci\u00f3n, Romel Jurado afirm\u00f3 que se cumple con el debido proceso y tanto la Ley como la Superintendencia dan igualdad de oportunidades a cualquier persona que est\u00e9 inconforme con lo resuelto para que un ente superior revise el caso y ratifique o rectifique la decisi\u00f3n. (i) (fuente SUPERCOM )<\/p>\n","protected":false},"excerpt":{"rendered":"<p>15 08 31. La noche del 28 de agosto de 2015, el Superintendente de la Informaci\u00f3n y Comunicaci\u00f3n, Carlos Ochoa,<\/p>\n","protected":false},"author":1,"featured_media":0,"comment_status":"open","ping_status":"open","sticky":false,"template":"","format":"standard","meta":{"footnotes":""},"categories":[3],"tags":[],"_links":{"self":[{"href":"https:\/\/www.ecuadoraldia.com.ec\/index.php?rest_route=\/wp\/v2\/posts\/10294"}],"collection":[{"href":"https:\/\/www.ecuadoraldia.com.ec\/index.php?rest_route=\/wp\/v2\/posts"}],"about":[{"href":"https:\/\/www.ecuadoraldia.com.ec\/index.php?rest_route=\/wp\/v2\/types\/post"}],"author":[{"embeddable":true,"href":"https:\/\/www.ecuadoraldia.com.ec\/index.php?rest_route=\/wp\/v2\/users\/1"}],"replies":[{"embeddable":true,"href":"https:\/\/www.ecuadoraldia.com.ec\/index.php?rest_route=%2Fwp%2Fv2%2Fcomments&post=10294"}],"version-history":[{"count":1,"href":"https:\/\/www.ecuadoraldia.com.ec\/index.php?rest_route=\/wp\/v2\/posts\/10294\/revisions"}],"predecessor-version":[{"id":10296,"href":"https:\/\/www.ecuadoraldia.com.ec\/index.php?rest_route=\/wp\/v2\/posts\/10294\/revisions\/10296"}],"wp:attachment":[{"href":"https:\/\/www.ecuadoraldia.com.ec\/index.php?rest_route=%2Fwp%2Fv2%2Fmedia&parent=10294"}],"wp:term":[{"taxonomy":"category","embeddable":true,"href":"https:\/\/www.ecuadoraldia.com.ec\/index.php?rest_route=%2Fwp%2Fv2%2Fcategories&post=10294"},{"taxonomy":"post_tag","embeddable":true,"href":"https:\/\/www.ecuadoraldia.com.ec\/index.php?rest_route=%2Fwp%2Fv2%2Ftags&post=10294"}],"curies":[{"name":"wp","href":"https:\/\/api.w.org\/{rel}","templated":true}]}}