{"id":10297,"date":"2015-09-01T22:19:11","date_gmt":"2015-09-01T22:19:11","guid":{"rendered":"http:\/\/www.ecuadoraldia.com.ec\/?p=10297"},"modified":"2015-09-01T22:19:11","modified_gmt":"2015-09-01T22:19:11","slug":"supercom-y-representantes-de-canales-de-television-socializaron-avances-de-la-loc","status":"publish","type":"post","link":"https:\/\/www.ecuadoraldia.com.ec\/?p=10297","title":{"rendered":"SUPERCOM y representantes de canales de televisi\u00f3n socializaron avances de la LOC"},"content":{"rendered":"<p><a href=\"http:\/\/www.ecuadoraldia.com.ec\/wp-content\/uploads\/2015\/09\/15-08-31_Carlos_Ochoa_Mesa_Redonda.jpg\"><img loading=\"lazy\" decoding=\"async\" class=\"alignleft size-medium wp-image-10298\" src=\"http:\/\/www.ecuadoraldia.com.ec\/wp-content\/uploads\/2015\/09\/15-08-31_Carlos_Ochoa_Mesa_Redonda-300x185.jpg\" alt=\"15-08-31_Carlos_Ochoa_Mesa_Redonda\" width=\"300\" height=\"185\" srcset=\"https:\/\/www.ecuadoraldia.com.ec\/wp-content\/uploads\/2015\/09\/15-08-31_Carlos_Ochoa_Mesa_Redonda-300x185.jpg 300w, https:\/\/www.ecuadoraldia.com.ec\/wp-content\/uploads\/2015\/09\/15-08-31_Carlos_Ochoa_Mesa_Redonda.jpg 343w\" sizes=\"(max-width: 300px) 100vw, 300px\" \/><\/a>28 Agosto 2015. Con la presencia de cerca de 70 profesionales de la comunicaci\u00f3n, la Superintendencia de la Informaci\u00f3n (SUPERCOM) efectu\u00f3 este viernes un nuevo encuentro de socializaci\u00f3n sobre los avances de la aplicaci\u00f3n de la Ley Org\u00e1nica de Comunicaci\u00f3n (LOC).<\/p>\n<p style=\"text-align: justify;\">A la jornada, denominada \u201cLey Org\u00e1nica de Comunicaci\u00f3n y su aplicaci\u00f3n\u201d, asistieron los principales ejecutivos de los canales y miembros de la Asociaci\u00f3n de Canales de Televisi\u00f3n del Ecuador (ACTVE) y Canales Comunitarios y Regionales del Ecuador Asociados.<\/p>\n<p style=\"text-align: justify;\">El acto estuvo presidido por el Superintendente de la Informaci\u00f3n y Comunicaci\u00f3n, Carlos Ochoa, quien destac\u00f3 el cambio que ha generado la LOC en estos dos a\u00f1os de vigencia. \u201cUn ejemplo es que antes era com\u00fan mostrar los rostros de mujeres y ni\u00f1as v\u00edctimas de abuso sexual, lo cual significaba revictimizar a estas personas\u201d, recalc\u00f3.<\/p>\n<p style=\"text-align: justify;\">Agreg\u00f3 que en la actualidad se cuida el manejo de la informaci\u00f3n en lo relacionado con los derechos de los ni\u00f1os, ni\u00f1as y adolescentes. \u201cHemos visto un cambio radical en ese aspecto. Hacia all\u00e1 vamos, todos estamos involucrados y ustedes son una parte vital para lograrlo\u201d.<\/p>\n<p style=\"text-align: justify;\">El jurista Romel Jurado, coautor de la LOC, particip\u00f3 como expositor en la jornada e intercambi\u00f3 comentarios con los asistentes que necesitaban despejar ciertas dudas sobre la aplicaci\u00f3n de la normativa.<\/p>\n<p style=\"text-align: justify;\">Una de las interrogantes fue formulada por Mauricio Icaza, vicepresidente de Noticias de Telerama, en relaci\u00f3n a si se est\u00e1 cumpliendo con los par\u00e1metros que norma la LOC al contar actualmente con las propuestas de programas interculturales.<\/p>\n<p style=\"text-align: justify;\">Jurado destac\u00f3 que si se cumple con el tema del lenguaje, igualdad y se da la oportunidad de hablar sobre las costumbres y tradiciones, son propuestas aceptables.<\/p>\n<p style=\"text-align: justify;\">Para Lourdes Largo, representante legal de Gama TV, el encuentro signific\u00f3 una iniciativa que permiti\u00f3 profundizar lo que establece la LOC en diversos temas. \u201cMe ha llamado la atenci\u00f3n el avance que existe con el tema de incorporar la lengua de se\u00f1as en los canales. Es importante que las personas con capacidades especiales tengan acceso a la informaci\u00f3n al igual que todos los ciudadanos\u201d.<\/p>\n<p style=\"text-align: justify;\">La jornada, que se desarroll\u00f3 en el Unipark Hotel, desde las 12:00 hasta las 15:30, tambi\u00e9n cont\u00f3 con las presencia de la Intendenta zonal 5 \u2013 8 de la Informaci\u00f3n y Comunicaci\u00f3n, Jeoconda Loor. (i) (fuente SUPERCOM )<\/p>\n","protected":false},"excerpt":{"rendered":"<p>28 Agosto 2015. Con la presencia de cerca de 70 profesionales de la comunicaci\u00f3n, la Superintendencia de la Informaci\u00f3n (SUPERCOM)<\/p>\n","protected":false},"author":1,"featured_media":0,"comment_status":"open","ping_status":"open","sticky":false,"template":"","format":"standard","meta":{"footnotes":""},"categories":[3],"tags":[],"_links":{"self":[{"href":"https:\/\/www.ecuadoraldia.com.ec\/index.php?rest_route=\/wp\/v2\/posts\/10297"}],"collection":[{"href":"https:\/\/www.ecuadoraldia.com.ec\/index.php?rest_route=\/wp\/v2\/posts"}],"about":[{"href":"https:\/\/www.ecuadoraldia.com.ec\/index.php?rest_route=\/wp\/v2\/types\/post"}],"author":[{"embeddable":true,"href":"https:\/\/www.ecuadoraldia.com.ec\/index.php?rest_route=\/wp\/v2\/users\/1"}],"replies":[{"embeddable":true,"href":"https:\/\/www.ecuadoraldia.com.ec\/index.php?rest_route=%2Fwp%2Fv2%2Fcomments&post=10297"}],"version-history":[{"count":1,"href":"https:\/\/www.ecuadoraldia.com.ec\/index.php?rest_route=\/wp\/v2\/posts\/10297\/revisions"}],"predecessor-version":[{"id":10299,"href":"https:\/\/www.ecuadoraldia.com.ec\/index.php?rest_route=\/wp\/v2\/posts\/10297\/revisions\/10299"}],"wp:attachment":[{"href":"https:\/\/www.ecuadoraldia.com.ec\/index.php?rest_route=%2Fwp%2Fv2%2Fmedia&parent=10297"}],"wp:term":[{"taxonomy":"category","embeddable":true,"href":"https:\/\/www.ecuadoraldia.com.ec\/index.php?rest_route=%2Fwp%2Fv2%2Fcategories&post=10297"},{"taxonomy":"post_tag","embeddable":true,"href":"https:\/\/www.ecuadoraldia.com.ec\/index.php?rest_route=%2Fwp%2Fv2%2Ftags&post=10297"}],"curies":[{"name":"wp","href":"https:\/\/api.w.org\/{rel}","templated":true}]}}