{"id":10300,"date":"2015-09-01T22:22:37","date_gmt":"2015-09-01T22:22:37","guid":{"rendered":"http:\/\/www.ecuadoraldia.com.ec\/?p=10300"},"modified":"2015-09-01T22:22:37","modified_gmt":"2015-09-01T22:22:37","slug":"buenas-practicas-comunicacionales-inicia-su-segunda-etapa","status":"publish","type":"post","link":"https:\/\/www.ecuadoraldia.com.ec\/?p=10300","title":{"rendered":"\u201cBuenas pr\u00e1cticas comunicacionales\u201d inicia su segunda etapa"},"content":{"rendered":"<p style=\"text-align: justify;\"><a href=\"http:\/\/www.ecuadoraldia.com.ec\/wp-content\/uploads\/2015\/09\/15-08-27_Buenas_Pr\u00e1cticas.jpg\"><img loading=\"lazy\" decoding=\"async\" class=\"alignleft size-full wp-image-10301\" src=\"http:\/\/www.ecuadoraldia.com.ec\/wp-content\/uploads\/2015\/09\/15-08-27_Buenas_Pr\u00e1cticas.jpg\" alt=\"15-08-27_Buenas_Pr\u00e1cticas\" width=\"275\" height=\"204\" \/><\/a>Con jornadas l\u00fadicas los estudiantes del Colegio Nacional Nanegalito, pusieron en pr\u00e1ctica el jueves 27 de agosto de 2015, los m\u00e9todos para realizar una entrevista, generaci\u00f3n de opini\u00f3n p\u00fablica en los ciudadanos y manejo del miedo esc\u00e9nico al momento de dirigirse a la poblaci\u00f3n, desarrollado en el marco de las actividades \u201cBuenas pr\u00e1cticas comunicacionales\u201d.<\/p>\n<p style=\"text-align: justify;\">La \u201cRadio Parlante\u201d, es una de las actividades promovidas por la SUPERCOM, busca generar en los j\u00f3venes un conocimiento b\u00e1sico de comunicaci\u00f3n realizada de una forma din\u00e1mica pero responsable, as\u00ed mismo socializan los derechos de acceso a la informaci\u00f3n promovidos en la Ley Org\u00e1nica de Comunicaci\u00f3n.<\/p>\n<p style=\"text-align: justify;\">Tal\u00eda Elizalde, estudiante de segundo a\u00f1o de bachillerato cree que estas actividades le han ayudado a tener una mayor soltura al momento de interactuar con la ciudadan\u00eda, dice tener m\u00e1s confianza de s\u00ed misma para expresar su opini\u00f3n.<\/p>\n<p style=\"text-align: justify;\">Con un grito a viva voz \u201cNanegalito tiene libertad de expresi\u00f3n\u201d, se despidieron los entusiastas estudiantes esperando que sea una nueva semana para descubrir que la comunicaci\u00f3n ya es un derecho. (i) (fuente SUPERCOM )<\/p>\n","protected":false},"excerpt":{"rendered":"<p>Con jornadas l\u00fadicas los estudiantes del Colegio Nacional Nanegalito, pusieron en pr\u00e1ctica el jueves 27 de agosto de 2015, los<\/p>\n","protected":false},"author":1,"featured_media":0,"comment_status":"open","ping_status":"open","sticky":false,"template":"","format":"standard","meta":{"footnotes":""},"categories":[4],"tags":[],"_links":{"self":[{"href":"https:\/\/www.ecuadoraldia.com.ec\/index.php?rest_route=\/wp\/v2\/posts\/10300"}],"collection":[{"href":"https:\/\/www.ecuadoraldia.com.ec\/index.php?rest_route=\/wp\/v2\/posts"}],"about":[{"href":"https:\/\/www.ecuadoraldia.com.ec\/index.php?rest_route=\/wp\/v2\/types\/post"}],"author":[{"embeddable":true,"href":"https:\/\/www.ecuadoraldia.com.ec\/index.php?rest_route=\/wp\/v2\/users\/1"}],"replies":[{"embeddable":true,"href":"https:\/\/www.ecuadoraldia.com.ec\/index.php?rest_route=%2Fwp%2Fv2%2Fcomments&post=10300"}],"version-history":[{"count":1,"href":"https:\/\/www.ecuadoraldia.com.ec\/index.php?rest_route=\/wp\/v2\/posts\/10300\/revisions"}],"predecessor-version":[{"id":10302,"href":"https:\/\/www.ecuadoraldia.com.ec\/index.php?rest_route=\/wp\/v2\/posts\/10300\/revisions\/10302"}],"wp:attachment":[{"href":"https:\/\/www.ecuadoraldia.com.ec\/index.php?rest_route=%2Fwp%2Fv2%2Fmedia&parent=10300"}],"wp:term":[{"taxonomy":"category","embeddable":true,"href":"https:\/\/www.ecuadoraldia.com.ec\/index.php?rest_route=%2Fwp%2Fv2%2Fcategories&post=10300"},{"taxonomy":"post_tag","embeddable":true,"href":"https:\/\/www.ecuadoraldia.com.ec\/index.php?rest_route=%2Fwp%2Fv2%2Ftags&post=10300"}],"curies":[{"name":"wp","href":"https:\/\/api.w.org\/{rel}","templated":true}]}}