{"id":10303,"date":"2015-09-01T22:27:36","date_gmt":"2015-09-01T22:27:36","guid":{"rendered":"http:\/\/www.ecuadoraldia.com.ec\/?p=10303"},"modified":"2015-09-01T22:29:59","modified_gmt":"2015-09-01T22:29:59","slug":"comunicadores-y-periodistas-de-chimborazo-se-capacitaron","status":"publish","type":"post","link":"https:\/\/www.ecuadoraldia.com.ec\/?p=10303","title":{"rendered":"Comunicadores y periodistas de Chimborazo se capacitaron"},"content":{"rendered":"<p style=\"text-align: justify;\"><a href=\"http:\/\/www.ecuadoraldia.com.ec\/wp-content\/uploads\/2015\/09\/26-08-15-riobamba-comunicadores.jpg\"><img loading=\"lazy\" decoding=\"async\" class=\"alignleft size-full wp-image-10304\" src=\"http:\/\/www.ecuadoraldia.com.ec\/wp-content\/uploads\/2015\/09\/26-08-15-riobamba-comunicadores.jpg\" alt=\"26-08-15-riobamba-comunicadores\" width=\"291\" height=\"224\" \/><\/a>26 Agosto 2015. La Superintendencia de la Informaci\u00f3n y Comunicaci\u00f3n (SUPERCOM), a trav\u00e9s de la Intendencia Zonal 3 Centro, desarroll\u00f3 las primeras jornadas de capacitaci\u00f3n, dirigidas a los comunicadores institucionales y periodistas de medios de la provincia de Chimborazo.<\/p>\n<p style=\"text-align: justify;\">\u2018Aplicaci\u00f3n de la Ley Org\u00e1nica de Comunicaci\u00f3n (LOC) y sus reglamentos\u2019 fueron las charlas que se brindaron este martes 25 y mi\u00e9rcoles 26 de agosto, cuyo objetivo fue guiar, formar y educar a los trabajadores de la comunicaci\u00f3n sobre la normativa vigente.<\/p>\n<p style=\"text-align: justify;\">Los expositores en ambas jornadas fueron el ex Intendente de la Zonal 5 y 8, Hermes Campoverde, y el Director de Prevenci\u00f3n y Asesor\u00eda Legal de la Zonal 5 y 8, Jimmy Guerrero.<\/p>\n<p style=\"text-align: justify;\">La ma\u00f1ana del martes, asistieron cerca de 50 comunicadores de varias instituciones de Chimborazo, como la Empresa El\u00e9ctrica de Riobamba (EERSA), el Consejo Nacional Electoral de Chimborazo (CNE), Municipio de Riobamba (GADM), Servicio de Rentas Internas (SRI) entre otras.<\/p>\n<p style=\"text-align: justify;\">Inicialmente el Intendente de la Zonal 3 Centro, Gustavo Merino, dio la bienvenida a los asistentes y agradeci\u00f3 la presencia de los capacitadores. Por su parte, el abogado Guerrero resalt\u00f3 que el objetivo es \u201clocalizar los puntos neur\u00e1lgicos que les interesa como comunicadores de las Instituciones p\u00fablicas\u201d.<\/p>\n<p style=\"text-align: justify;\">Hermes Campoverde acot\u00f3, adem\u00e1s, que las entidades p\u00fablicas tienen la obligaci\u00f3n de brindar la informaci\u00f3n, amparados en las leyes de trasparencia y acceso a la Informaci\u00f3n.<\/p>\n<p style=\"text-align: justify;\">Los temas m\u00e1s consultados fueron los derechos a la rectificaci\u00f3n (art\u00edculo 23) y a la r\u00e9plica (art. 24). En este punto, Campoverde aclar\u00f3 las definiciones de r\u00e9plica y rectificaci\u00f3n. \u201cLa rectificaci\u00f3n no es m\u00e1s que una correcci\u00f3n ante imprecisiones que se pueden dar en los medios, mientras que la r\u00e9plica es una respuesta que se da en base a un tema citado, en el que puedes sentirte afectado\u201d, explic\u00f3.<\/p>\n<p style=\"text-align: justify;\">Jenny Le\u00f3n, comunicadora p\u00fablica de la EERSA, destac\u00f3 la iniciativa de la SUPERCOM y coment\u00f3 que ten\u00eda dudas con respecto a varios temas de la LOC, que fueron solventadas gracias al taller.<\/p>\n<p style=\"text-align: justify;\">De igual manera, la ma\u00f1ana de este mi\u00e9rcoles 26, 95 periodistas de medios de comunicaci\u00f3n despejaron sus inquietudes durante la cita, que se realiz\u00f3 en el Teatrino de la Casa de la Cultura n\u00facleo de Chimborazo.<\/p>\n<p style=\"text-align: justify;\"><a href=\"http:\/\/www.ecuadoraldia.com.ec\/wp-content\/uploads\/2015\/09\/26-08-15-riobamba-periodistas.jpg\"><img loading=\"lazy\" decoding=\"async\" class=\"alignleft size-medium wp-image-10305\" src=\"http:\/\/www.ecuadoraldia.com.ec\/wp-content\/uploads\/2015\/09\/26-08-15-riobamba-periodistas-300x174.jpg\" alt=\"26-08-15-riobamba-periodistas\" width=\"300\" height=\"174\" srcset=\"https:\/\/www.ecuadoraldia.com.ec\/wp-content\/uploads\/2015\/09\/26-08-15-riobamba-periodistas-300x174.jpg 300w, https:\/\/www.ecuadoraldia.com.ec\/wp-content\/uploads\/2015\/09\/26-08-15-riobamba-periodistas.jpg 690w\" sizes=\"(max-width: 300px) 100vw, 300px\" \/><\/a>Las tem\u00e1ticas m\u00e1s consultadas fueron la extensi\u00f3n de la publicidad (art. 93) y la identificaci\u00f3n y clasificaci\u00f3n de los tipos de contenidos (art. 60). Alberto Pumaguachi, de radio Stereo Mundo La Mega, resalt\u00f3 la realizaci\u00f3n de esta actividad y solicit\u00f3 \u201cm\u00e1s capacitaciones de ese tipo\u201d.<\/p>\n<p>Con estas actividades, la Intendencia Zonal 3 busca socializar la LOC con los trabajadores de la comunicaci\u00f3n y, de esta manera, evitar el incumplimiento de la normativa durante el desarrollo de sus labores diarias.\u00a0(i) (fuente SUPERCOM )<\/p>\n","protected":false},"excerpt":{"rendered":"<p>26 Agosto 2015. La Superintendencia de la Informaci\u00f3n y Comunicaci\u00f3n (SUPERCOM), a trav\u00e9s de la Intendencia Zonal 3 Centro, desarroll\u00f3<\/p>\n","protected":false},"author":1,"featured_media":0,"comment_status":"open","ping_status":"open","sticky":false,"template":"","format":"standard","meta":{"footnotes":""},"categories":[11],"tags":[],"_links":{"self":[{"href":"https:\/\/www.ecuadoraldia.com.ec\/index.php?rest_route=\/wp\/v2\/posts\/10303"}],"collection":[{"href":"https:\/\/www.ecuadoraldia.com.ec\/index.php?rest_route=\/wp\/v2\/posts"}],"about":[{"href":"https:\/\/www.ecuadoraldia.com.ec\/index.php?rest_route=\/wp\/v2\/types\/post"}],"author":[{"embeddable":true,"href":"https:\/\/www.ecuadoraldia.com.ec\/index.php?rest_route=\/wp\/v2\/users\/1"}],"replies":[{"embeddable":true,"href":"https:\/\/www.ecuadoraldia.com.ec\/index.php?rest_route=%2Fwp%2Fv2%2Fcomments&post=10303"}],"version-history":[{"count":2,"href":"https:\/\/www.ecuadoraldia.com.ec\/index.php?rest_route=\/wp\/v2\/posts\/10303\/revisions"}],"predecessor-version":[{"id":10307,"href":"https:\/\/www.ecuadoraldia.com.ec\/index.php?rest_route=\/wp\/v2\/posts\/10303\/revisions\/10307"}],"wp:attachment":[{"href":"https:\/\/www.ecuadoraldia.com.ec\/index.php?rest_route=%2Fwp%2Fv2%2Fmedia&parent=10303"}],"wp:term":[{"taxonomy":"category","embeddable":true,"href":"https:\/\/www.ecuadoraldia.com.ec\/index.php?rest_route=%2Fwp%2Fv2%2Fcategories&post=10303"},{"taxonomy":"post_tag","embeddable":true,"href":"https:\/\/www.ecuadoraldia.com.ec\/index.php?rest_route=%2Fwp%2Fv2%2Ftags&post=10303"}],"curies":[{"name":"wp","href":"https:\/\/api.w.org\/{rel}","templated":true}]}}