{"id":10308,"date":"2015-09-01T23:20:26","date_gmt":"2015-09-01T23:20:26","guid":{"rendered":"http:\/\/www.ecuadoraldia.com.ec\/?p=10308"},"modified":"2015-09-01T23:20:26","modified_gmt":"2015-09-01T23:20:26","slug":"el-congreso-de-guatemala-le-retiro-la-inmunidad-al-presidente-otto-perez-molina","status":"publish","type":"post","link":"https:\/\/www.ecuadoraldia.com.ec\/?p=10308","title":{"rendered":"El Congreso de Guatemala le retir\u00f3 la inmunidad al presidente Otto P\u00e9rez Molina"},"content":{"rendered":"<p style=\"text-align: justify;\"><a href=\"http:\/\/www.ecuadoraldia.com.ec\/wp-content\/uploads\/2015\/09\/otopere.jpg\"><img loading=\"lazy\" decoding=\"async\" class=\"alignleft size-full wp-image-10309\" src=\"http:\/\/www.ecuadoraldia.com.ec\/wp-content\/uploads\/2015\/09\/otopere.jpg\" alt=\"otopere\" width=\"258\" height=\"242\" \/><\/a>AFP. El Congreso de Guatemala le retir\u00f3 la inmunidad a Otto P\u00e9rez<\/p>\n<p style=\"text-align: justify;\">El pleno del Congreso decidi\u00f3 retirarle la inmunidad al presidente de Guatemala, Otto P\u00e9rez Molina, quien est\u00e1 acusado de liderar la red de corrupci\u00f3n aduanera denominada \u00abLa L\u00ednea\u00bb. La votaci\u00f3n fue por unanimidad ya que los 132 legisladores presentes respaldaron la medida. Los otros 26 diputados no se asistieron a la sesi\u00f3n.<\/p>\n<p style=\"text-align: justify;\">La fiscal\u00eda y la Comisi\u00f3n Internacional contra la impunidad en Guatemala hab\u00edan solicitado el retiro de la inmunidad a P\u00e9rez Molina, luego de determinar que estar\u00eda vinculado a un caso de defraudaci\u00f3n aduanera al fisco guatemalteco.<\/p>\n<p style=\"text-align: justify;\">Con la decisi\u00f3n del Congreso, P\u00e9rez Molina se convierte en el primer presidente en la historia de Guatemala en perder su inmunidad, una decisi\u00f3n que lo dej\u00f3 expuesto a ser investigado por su supuesta vinculaci\u00f3n con una red que cobraba sobornos a empresarios para evadir impuestos.<\/p>\n<p style=\"text-align: justify;\">Tras conocer el resultado de la votaci\u00f3n, decenas de manifestantes fuera de la sede del parlamento celebraron, mientras automovilistas hac\u00edan sonar las bocinas de sus veh\u00edculos.<\/p>\n<p style=\"text-align: justify;\">\nLas autoridades desarticularon una red denominada \u00abLa L\u00ednea\u00bb, integrada por funcionarios y particulares que habr\u00edan recibido sobornos por parte de empresarios para que les ayudaran a evadir impuestos en sus importaciones.<\/p>\n<p style=\"text-align: justify;\">Escuchas telef\u00f3nicas obtenidas por la fiscal\u00eda dan cuenta que P\u00e9rez Molina conoc\u00eda a varios miembros de la red y habr\u00eda facilitado nombramientos de personas para logar el trabajo de la estructura. Por el mismo caso la ex vicepresidenta Roxana Baldetti renunci\u00f3 al cargo el 8 de mayo. La semana pasada un juez orden\u00f3 su aprehensi\u00f3n y la envi\u00f3 a prisi\u00f3n preventiva.<\/p>\n","protected":false},"excerpt":{"rendered":"<p>AFP. El Congreso de Guatemala le retir\u00f3 la inmunidad a Otto P\u00e9rez El pleno del Congreso decidi\u00f3 retirarle la inmunidad<\/p>\n","protected":false},"author":1,"featured_media":0,"comment_status":"open","ping_status":"open","sticky":false,"template":"","format":"standard","meta":{"footnotes":""},"categories":[1],"tags":[],"_links":{"self":[{"href":"https:\/\/www.ecuadoraldia.com.ec\/index.php?rest_route=\/wp\/v2\/posts\/10308"}],"collection":[{"href":"https:\/\/www.ecuadoraldia.com.ec\/index.php?rest_route=\/wp\/v2\/posts"}],"about":[{"href":"https:\/\/www.ecuadoraldia.com.ec\/index.php?rest_route=\/wp\/v2\/types\/post"}],"author":[{"embeddable":true,"href":"https:\/\/www.ecuadoraldia.com.ec\/index.php?rest_route=\/wp\/v2\/users\/1"}],"replies":[{"embeddable":true,"href":"https:\/\/www.ecuadoraldia.com.ec\/index.php?rest_route=%2Fwp%2Fv2%2Fcomments&post=10308"}],"version-history":[{"count":1,"href":"https:\/\/www.ecuadoraldia.com.ec\/index.php?rest_route=\/wp\/v2\/posts\/10308\/revisions"}],"predecessor-version":[{"id":10310,"href":"https:\/\/www.ecuadoraldia.com.ec\/index.php?rest_route=\/wp\/v2\/posts\/10308\/revisions\/10310"}],"wp:attachment":[{"href":"https:\/\/www.ecuadoraldia.com.ec\/index.php?rest_route=%2Fwp%2Fv2%2Fmedia&parent=10308"}],"wp:term":[{"taxonomy":"category","embeddable":true,"href":"https:\/\/www.ecuadoraldia.com.ec\/index.php?rest_route=%2Fwp%2Fv2%2Fcategories&post=10308"},{"taxonomy":"post_tag","embeddable":true,"href":"https:\/\/www.ecuadoraldia.com.ec\/index.php?rest_route=%2Fwp%2Fv2%2Ftags&post=10308"}],"curies":[{"name":"wp","href":"https:\/\/api.w.org\/{rel}","templated":true}]}}