{"id":10311,"date":"2015-09-02T18:36:21","date_gmt":"2015-09-02T18:36:21","guid":{"rendered":"http:\/\/www.ecuadoraldia.com.ec\/?p=10311"},"modified":"2015-09-02T18:36:21","modified_gmt":"2015-09-02T18:36:21","slug":"guayas-coordina-acciones-frente-a-fenomeno-el-nino","status":"publish","type":"post","link":"https:\/\/www.ecuadoraldia.com.ec\/?p=10311","title":{"rendered":"Guayas coordina acciones frente a fen\u00f3meno \u00abEl Ni\u00f1o\u00bb"},"content":{"rendered":"<p><em><a href=\"http:\/\/www.ecuadoraldia.com.ec\/wp-content\/uploads\/2015\/09\/02-09-2015-Nino.jpg\"><img loading=\"lazy\" decoding=\"async\" class=\"alignleft size-full wp-image-10312\" src=\"http:\/\/www.ecuadoraldia.com.ec\/wp-content\/uploads\/2015\/09\/02-09-2015-Nino.jpg\" alt=\"02-09-2015-Nino\" width=\"292\" height=\"156\" \/><\/a><\/em>El Ministerio Coordinador de Seguridad se reuni\u00f3 con delegados de los municipios de Guayas con el objetivo de coordinar acciones intersinstitucionales frente a la pr\u00f3xima temporadas de lluvias fuertes previstas por la presencia del fen\u00f3meno de \u201cEl Ni\u00f1o\u201d.<\/p>\n<p>El titular de la cartera de Estado, C\u00e9sar Navas, presidi\u00f3 la evaluaci\u00f3n de las medidas preventivas adoptadas por los gobiernos seccionales, seg\u00fan se rese\u00f1a en la cuenta de Twitter de la entidad (@Seguridad_Ec).<\/p>\n<p>Adem\u00e1s, Mar\u00eda del Pilar Cornejo, secretaria nacional de Gesti\u00f3n de Riesgos, inform\u00f3 que en la zona 5 (Bol\u00edvar, Los R\u00edos, Santa Elena, Gal\u00e1pagos y Guayas -excepto Guayaquil, Dur\u00e1n y Samborond\u00f3n-) est\u00e1n identificados 105 albergues \u201cpara cualquier emergencia\u201d.<\/p>\n<p>A trav\u00e9s de la cuenta de Twitter @Riesgos_Ec, Cornejo solicit\u00f3 a los cabildos que tengan un trabajo coordinado con la ciudadan\u00eda \u201csobre todo en ordenamiento territorial\u201d.<\/p>\n<p>La Organizaci\u00f3n Meteorol\u00f3gica Mundial (agencia de la ONU) advirti\u00f3 el ayer que el pr\u00f3ximo fen\u00f3meno de \u201cEl Ni\u00f1o\u201d estar\u00e1 entre los cuatro episodios m\u00e1s fuertes observados desde 1950. (El telegrafo)<\/p>\n","protected":false},"excerpt":{"rendered":"<p>El Ministerio Coordinador de Seguridad se reuni\u00f3 con delegados de los municipios de Guayas con el objetivo de coordinar acciones<\/p>\n","protected":false},"author":1,"featured_media":0,"comment_status":"open","ping_status":"open","sticky":false,"template":"","format":"standard","meta":{"footnotes":""},"categories":[1],"tags":[],"_links":{"self":[{"href":"https:\/\/www.ecuadoraldia.com.ec\/index.php?rest_route=\/wp\/v2\/posts\/10311"}],"collection":[{"href":"https:\/\/www.ecuadoraldia.com.ec\/index.php?rest_route=\/wp\/v2\/posts"}],"about":[{"href":"https:\/\/www.ecuadoraldia.com.ec\/index.php?rest_route=\/wp\/v2\/types\/post"}],"author":[{"embeddable":true,"href":"https:\/\/www.ecuadoraldia.com.ec\/index.php?rest_route=\/wp\/v2\/users\/1"}],"replies":[{"embeddable":true,"href":"https:\/\/www.ecuadoraldia.com.ec\/index.php?rest_route=%2Fwp%2Fv2%2Fcomments&post=10311"}],"version-history":[{"count":1,"href":"https:\/\/www.ecuadoraldia.com.ec\/index.php?rest_route=\/wp\/v2\/posts\/10311\/revisions"}],"predecessor-version":[{"id":10313,"href":"https:\/\/www.ecuadoraldia.com.ec\/index.php?rest_route=\/wp\/v2\/posts\/10311\/revisions\/10313"}],"wp:attachment":[{"href":"https:\/\/www.ecuadoraldia.com.ec\/index.php?rest_route=%2Fwp%2Fv2%2Fmedia&parent=10311"}],"wp:term":[{"taxonomy":"category","embeddable":true,"href":"https:\/\/www.ecuadoraldia.com.ec\/index.php?rest_route=%2Fwp%2Fv2%2Fcategories&post=10311"},{"taxonomy":"post_tag","embeddable":true,"href":"https:\/\/www.ecuadoraldia.com.ec\/index.php?rest_route=%2Fwp%2Fv2%2Ftags&post=10311"}],"curies":[{"name":"wp","href":"https:\/\/api.w.org\/{rel}","templated":true}]}}