{"id":10314,"date":"2015-09-02T18:39:08","date_gmt":"2015-09-02T18:39:08","guid":{"rendered":"http:\/\/www.ecuadoraldia.com.ec\/?p=10314"},"modified":"2015-09-02T18:39:08","modified_gmt":"2015-09-02T18:39:08","slug":"elecciones-de-2017-seran-con-papeleta-tradicional","status":"publish","type":"post","link":"https:\/\/www.ecuadoraldia.com.ec\/?p=10314","title":{"rendered":"Elecciones de 2017 ser\u00e1n con papeleta tradicional"},"content":{"rendered":"<p style=\"text-align: justify;\"><a href=\"http:\/\/www.ecuadoraldia.com.ec\/wp-content\/uploads\/2015\/09\/pozo.jpg\"><img loading=\"lazy\" decoding=\"async\" class=\"alignleft size-medium wp-image-10315\" src=\"http:\/\/www.ecuadoraldia.com.ec\/wp-content\/uploads\/2015\/09\/pozo-300x167.jpg\" alt=\"pozo\" width=\"300\" height=\"167\" srcset=\"https:\/\/www.ecuadoraldia.com.ec\/wp-content\/uploads\/2015\/09\/pozo-300x167.jpg 300w, https:\/\/www.ecuadoraldia.com.ec\/wp-content\/uploads\/2015\/09\/pozo.jpg 612w\" sizes=\"(max-width: 300px) 100vw, 300px\" \/><\/a>Juan Pablo Pozo, presidente del Consejo Nacional Electoral (CNE), se\u00f1al\u00f3 esta ma\u00f1ana en rueda de prensa que se analiza el voto tradicional, mediante papeleta, para las elecciones de 2017.<\/p>\n<p style=\"text-align: justify;\">Pozo se\u00f1al\u00f3 que las elecciones de ese a\u00f1o ser\u00e1n nacionales, en donde se elige presidente, vicepresidente, adem\u00e1s de asamble\u00edstas, y por ello, la entidad plantea realizar un trabajo nacional, adem\u00e1s indic\u00f3 que la decisi\u00f3n responde a pol\u00edticas de austeridad que implementar\u00e1 el organismo electoral. Sin embargo, precis\u00f3 que en reemplazo al sistema de voto electr\u00f3nico se analiza un sistema electr\u00f3nico de escrutinio, con el objetivo de entregar los resultados en el menor tiempo posible.<\/p>\n<p style=\"text-align: justify;\">El titular del CNE precis\u00f3 que la segunda quincena de noviembre se espera aprobar el presupuesto electoral (POE). Manifest\u00f3 que en estos rubros estar\u00eda el voto electr\u00f3nico y no en el presupuesto ordinario anual (POA), sin embargo aclar\u00f3 que la decisi\u00f3n de no implementar el voto electr\u00f3nico s\u00ed representar\u00e1 una reducci\u00f3n del POE, pese a ello, indic\u00f3 que las cifras no se conocen a\u00fan porque dicho presupuesto se encuentra en construcci\u00f3n.<\/p>\n<p style=\"text-align: justify;\">Sobre el POA) tambi\u00e9n, adelant\u00f3 que habr\u00e1 una reducci\u00f3n de 6,20% de lo planificado; es decir $4 millones menos al rubro establecido en $64 millones. Este presupuesto aprobar\u00e1 ma\u00f1ana el pleno del CNE en una sesi\u00f3n, que se desarrollar\u00e1 en Guayaquil.<\/p>\n<p style=\"text-align: justify;\">Pozo se refiri\u00f3 a las elecciones del 27 de septiembre en la Manga del Cura, en donde ya se implementar\u00e1 un proyecto piloto de sistema electr\u00f3nico integral de escrutinio. (El telegrafo)<\/p>\n","protected":false},"excerpt":{"rendered":"<p>Juan Pablo Pozo, presidente del Consejo Nacional Electoral (CNE), se\u00f1al\u00f3 esta ma\u00f1ana en rueda de prensa que se analiza el<\/p>\n","protected":false},"author":1,"featured_media":0,"comment_status":"open","ping_status":"open","sticky":false,"template":"","format":"standard","meta":{"footnotes":""},"categories":[3],"tags":[],"_links":{"self":[{"href":"https:\/\/www.ecuadoraldia.com.ec\/index.php?rest_route=\/wp\/v2\/posts\/10314"}],"collection":[{"href":"https:\/\/www.ecuadoraldia.com.ec\/index.php?rest_route=\/wp\/v2\/posts"}],"about":[{"href":"https:\/\/www.ecuadoraldia.com.ec\/index.php?rest_route=\/wp\/v2\/types\/post"}],"author":[{"embeddable":true,"href":"https:\/\/www.ecuadoraldia.com.ec\/index.php?rest_route=\/wp\/v2\/users\/1"}],"replies":[{"embeddable":true,"href":"https:\/\/www.ecuadoraldia.com.ec\/index.php?rest_route=%2Fwp%2Fv2%2Fcomments&post=10314"}],"version-history":[{"count":1,"href":"https:\/\/www.ecuadoraldia.com.ec\/index.php?rest_route=\/wp\/v2\/posts\/10314\/revisions"}],"predecessor-version":[{"id":10316,"href":"https:\/\/www.ecuadoraldia.com.ec\/index.php?rest_route=\/wp\/v2\/posts\/10314\/revisions\/10316"}],"wp:attachment":[{"href":"https:\/\/www.ecuadoraldia.com.ec\/index.php?rest_route=%2Fwp%2Fv2%2Fmedia&parent=10314"}],"wp:term":[{"taxonomy":"category","embeddable":true,"href":"https:\/\/www.ecuadoraldia.com.ec\/index.php?rest_route=%2Fwp%2Fv2%2Fcategories&post=10314"},{"taxonomy":"post_tag","embeddable":true,"href":"https:\/\/www.ecuadoraldia.com.ec\/index.php?rest_route=%2Fwp%2Fv2%2Ftags&post=10314"}],"curies":[{"name":"wp","href":"https:\/\/api.w.org\/{rel}","templated":true}]}}