{"id":10317,"date":"2015-09-03T15:28:54","date_gmt":"2015-09-03T15:28:54","guid":{"rendered":"http:\/\/www.ecuadoraldia.com.ec\/?p=10317"},"modified":"2015-09-03T15:28:54","modified_gmt":"2015-09-03T15:28:54","slug":"presidente-de-guatemala-renuncia-al-cargo-tras-orden-de-detencion","status":"publish","type":"post","link":"https:\/\/www.ecuadoraldia.com.ec\/?p=10317","title":{"rendered":"Presidente de Guatemala renuncia al cargo tras orden de detenci\u00f3n"},"content":{"rendered":"<figure id=\"attachment_10318\" aria-describedby=\"caption-attachment-10318\" style=\"width: 300px\" class=\"wp-caption alignleft\"><a href=\"http:\/\/www.ecuadoraldia.com.ec\/wp-content\/uploads\/2015\/09\/OTO.jpg\"><img loading=\"lazy\" decoding=\"async\" class=\"size-medium wp-image-10318\" src=\"http:\/\/www.ecuadoraldia.com.ec\/wp-content\/uploads\/2015\/09\/OTO-300x200.jpg\" alt=\"Justicia proh\u00edbe salir del pa\u00eds al presidente de Guatemala, Otto P\u00e9rez Molina\" width=\"300\" height=\"200\" srcset=\"https:\/\/www.ecuadoraldia.com.ec\/wp-content\/uploads\/2015\/09\/OTO-300x200.jpg 300w, https:\/\/www.ecuadoraldia.com.ec\/wp-content\/uploads\/2015\/09\/OTO.jpg 640w\" sizes=\"(max-width: 300px) 100vw, 300px\" \/><\/a><figcaption id=\"caption-attachment-10318\" class=\"wp-caption-text\">Justicia proh\u00edbe salir del pa\u00eds al presidente de Guatemala, Otto P\u00e9rez Molina<\/figcaption><\/figure>\n<p style=\"text-align: justify;\">Reurters .Juez emite orden de captura para el presidente de Guatemala, Otto P\u00e9rez Molina<br \/>\nRetiran inmunidad a presidente de Guatemala para que se lo investigue por corrupci\u00f3n<br \/>\nOtto P\u00e9rez solicit\u00f3 amparo y afirm\u00f3 que no cogi\u00f3 sobornos<br \/>\nEl presidente de Guatemala, Otto P\u00e9rez Molina, renunci\u00f3 a su cargo tras haber sido despojado de su inmunidad, lo que deriv\u00f3 en que un juez emitiera una orden de detenci\u00f3n en su contra para responder por acusaciones de corrupci\u00f3n que debilitaron a su Gobierno poco antes de las elecciones.<\/p>\n<p style=\"text-align: justify;\">La carta de renuncia fue firmada cerca de las 19:00 hora local del martes y enviada al legislativo, dijo a Reuters el portavoz presidencial Jorge Ortega la madrugada de este jueves<\/p>\n<p style=\"text-align: justify;\">P\u00e9rez Molina, un general retirado de 64 a\u00f1os que hab\u00eda prometido \u00abmano dura\u00bb contra la delincuencia, fue quedando aislado en las \u00faltimas semanas mientras decenas de miles de personas sal\u00edan a las calles pidiendo su renuncia, indignados por los esc\u00e1ndalos que afectan a su Gobierno.<\/p>\n<p style=\"text-align: justify;\">\u00abEs una decisi\u00f3n personal, para mantener la institucionalidad y enfrentar en forma individual el caso que se lleva en su contra\u00bb, dijo Ortega a Reuters por v\u00eda telef\u00f3nica.<\/p>\n<p style=\"text-align: justify;\">El mandato de P\u00e9rez Molina, que comenz\u00f3 en el 2011, deb\u00eda concluir en enero del 2016, luego de que se eligiera un nuevo mandatario en las elecciones del 6 de septiembre, que se prev\u00e9 tendr\u00e1n un balotaje el 25 de octubre.<\/p>\n<p style=\"text-align: justify;\">El Congreso se reunir\u00e1 de emergencia a las 07:00 hora local para tomar conocimiento de la renuncia de P\u00e9rez y citar al vicepresidente, Alejandro Maldonado, a fin de que tome posesi\u00f3n como presidente, se\u00f1al\u00f3 el portavoz.<\/p>\n<p style=\"text-align: justify;\">Acusaciones<\/p>\n<p style=\"text-align: justify;\">P\u00e9rez Molina, un militar que tuvo altos cargos durante la guerra civil (1960-1996) en la cual el Ej\u00e9rcito cometi\u00f3 masacres contra pueblos ind\u00edgenas, est\u00e1 acusado de liderar una poderosa mafia aduanera junto con la ex vicepresidenta Roxana Baldetti, imputada por el caso y quien se encuentra en prisi\u00f3n preventiva.<\/p>\n<p style=\"text-align: justify;\">P\u00e9rez ha negado las acusaciones y en las semanas previas rechaz\u00f3 varias veces renunciar, pese al avance de las pesquisas de la Fiscal\u00eda y la Comisi\u00f3n Internacional contra la Impunidad en Guatemala (CICIG) que lo se\u00f1alan como jefe de La L\u00ednea, un grupo que cobraba sobornos por el paso de mercanc\u00edas importadas sin pagar impuestos.<\/p>\n<p style=\"text-align: justify;\">El ex mandatario ten\u00eda previsto acudir a las 08:00 hora local a los tribunales para enfrentar los cargos de asociaci\u00f3n il\u00edcita, cohecho pasivo y caso especial de defraudaci\u00f3n aduanera.<\/p>\n<p style=\"text-align: justify;\">La crisis pol\u00edtica en el pa\u00eds centroamericano desat\u00f3 la furia de la poblaci\u00f3n, empresarios y la Iglesia, y opac\u00f3 las campa\u00f1as para los comicios del domingo, a los que el empresario opositor Manuel Baldiz\u00f3n y el presentador de televisi\u00f3n Jimmy Morales llegan encabezando las encuestas. (I)<\/p>\n","protected":false},"excerpt":{"rendered":"<p>Reurters .Juez emite orden de captura para el presidente de Guatemala, Otto P\u00e9rez Molina Retiran inmunidad a presidente de Guatemala<\/p>\n","protected":false},"author":1,"featured_media":0,"comment_status":"open","ping_status":"open","sticky":false,"template":"","format":"standard","meta":{"footnotes":""},"categories":[1],"tags":[],"_links":{"self":[{"href":"https:\/\/www.ecuadoraldia.com.ec\/index.php?rest_route=\/wp\/v2\/posts\/10317"}],"collection":[{"href":"https:\/\/www.ecuadoraldia.com.ec\/index.php?rest_route=\/wp\/v2\/posts"}],"about":[{"href":"https:\/\/www.ecuadoraldia.com.ec\/index.php?rest_route=\/wp\/v2\/types\/post"}],"author":[{"embeddable":true,"href":"https:\/\/www.ecuadoraldia.com.ec\/index.php?rest_route=\/wp\/v2\/users\/1"}],"replies":[{"embeddable":true,"href":"https:\/\/www.ecuadoraldia.com.ec\/index.php?rest_route=%2Fwp%2Fv2%2Fcomments&post=10317"}],"version-history":[{"count":1,"href":"https:\/\/www.ecuadoraldia.com.ec\/index.php?rest_route=\/wp\/v2\/posts\/10317\/revisions"}],"predecessor-version":[{"id":10319,"href":"https:\/\/www.ecuadoraldia.com.ec\/index.php?rest_route=\/wp\/v2\/posts\/10317\/revisions\/10319"}],"wp:attachment":[{"href":"https:\/\/www.ecuadoraldia.com.ec\/index.php?rest_route=%2Fwp%2Fv2%2Fmedia&parent=10317"}],"wp:term":[{"taxonomy":"category","embeddable":true,"href":"https:\/\/www.ecuadoraldia.com.ec\/index.php?rest_route=%2Fwp%2Fv2%2Fcategories&post=10317"},{"taxonomy":"post_tag","embeddable":true,"href":"https:\/\/www.ecuadoraldia.com.ec\/index.php?rest_route=%2Fwp%2Fv2%2Ftags&post=10317"}],"curies":[{"name":"wp","href":"https:\/\/api.w.org\/{rel}","templated":true}]}}