{"id":10320,"date":"2015-09-03T15:32:51","date_gmt":"2015-09-03T15:32:51","guid":{"rendered":"http:\/\/www.ecuadoraldia.com.ec\/?p=10320"},"modified":"2015-09-03T15:33:25","modified_gmt":"2015-09-03T15:33:25","slug":"niegan-recurso-de-proteccion-en-contra-de-la-supercom","status":"publish","type":"post","link":"https:\/\/www.ecuadoraldia.com.ec\/?p=10320","title":{"rendered":"Niegan recurso de protecci\u00f3n en contra de la Supercom"},"content":{"rendered":"<p style=\"text-align: justify;\"><a href=\"http:\/\/www.ecuadoraldia.com.ec\/wp-content\/uploads\/2015\/09\/images.jpg\"><img loading=\"lazy\" decoding=\"async\" class=\"alignleft size-medium wp-image-10321\" src=\"http:\/\/www.ecuadoraldia.com.ec\/wp-content\/uploads\/2015\/09\/images-300x127.jpg\" alt=\"images\" width=\"300\" height=\"127\" srcset=\"https:\/\/www.ecuadoraldia.com.ec\/wp-content\/uploads\/2015\/09\/images-300x127.jpg 300w, https:\/\/www.ecuadoraldia.com.ec\/wp-content\/uploads\/2015\/09\/images.jpg 344w\" sizes=\"(max-width: 300px) 100vw, 300px\" \/><\/a>Diario La Hora se declara en resistencia tras sanci\u00f3n de la Supercom<br \/>\nA las 13:30 en la Unidad Judicial de la Familia se realiz\u00f3 la audiencia de pedido de acci\u00f3n de protecci\u00f3n planteado por diario La Hora, para evitar que la Superintendencia de Comunicaci\u00f3n (Supercom) contin\u00fae con un tr\u00e1mite iniciado por oficio, por no publicar un pedido de r\u00e9plica a un anuncio pagado.<\/p>\n<p style=\"text-align: justify;\">En julio pasado, la Asociaci\u00f3n Ecuatoriana de Editores de Peri\u00f3dicos (Aedep) public\u00f3 un anuncio en La Hora, sobre la investigaci\u00f3n de \u201ctres profesionales del derecho que hicieron un an\u00e1lisis de lo que ha pasado en el Ecuador luego de dos a\u00f1os de promulgada la Ley de Comunicaci\u00f3n\u201d, seg\u00fan explic\u00f3 su director, Diego Cornejo.<\/p>\n<p style=\"text-align: justify;\">La Supercom pidi\u00f3 la r\u00e9plica, pero el medio no la public\u00f3 porque el anuncio era pagado, y se le inici\u00f3 un proceso administrativo, por afectar su derecho a la r\u00e9plica.<\/p>\n<p style=\"text-align: justify;\">La defensa del medio, el catedr\u00e1tico Santiago Guarderas pidi\u00f3 este mi\u00e9rcoles en la audiencia que se garantice el debido proceso y la seguridad jur\u00eddica, ya que dicho aviso fue pagado y es considerado, de acuerdo a la Ley de Comunicaci\u00f3n, publicidad, precis\u00f3.<\/p>\n<p style=\"text-align: justify;\">De parte del organismo de control, Elsa Quispe asegur\u00f3 que los pedidos de r\u00e9plicas \u00abno son pagados\u00bb, y acus\u00f3 al medio de intentar \u00abconfundir\u00bb a la justicia.<\/p>\n<p style=\"text-align: justify;\">\u00abNo hay tal vulneraci\u00f3n, el medio pretende que se anule el proceso\u00bb, sostuvo Quispe, y defendi\u00f3 los procedimientos que realiza la Supercom para calificar, admitir y sancionar a los medios que incumplen la normativa.<\/p>\n<p style=\"text-align: justify;\">Pasadas las 15:00 la jueza Nancy Altamirano neg\u00f3 la acci\u00f3n de protecci\u00f3n al medio, por lo que a las 08:30 de este jueves, en las oficinas de la Supercom, la defensa de La Hora deber\u00e1 presentarse a la audiencia de sustanciaci\u00f3n por supuestamente, afectar el derecho a la r\u00e9plica. (tomado de el Universo)<\/p>\n","protected":false},"excerpt":{"rendered":"<p>Diario La Hora se declara en resistencia tras sanci\u00f3n de la Supercom A las 13:30 en la Unidad Judicial de<\/p>\n","protected":false},"author":1,"featured_media":0,"comment_status":"open","ping_status":"open","sticky":false,"template":"","format":"standard","meta":{"footnotes":""},"categories":[1],"tags":[],"_links":{"self":[{"href":"https:\/\/www.ecuadoraldia.com.ec\/index.php?rest_route=\/wp\/v2\/posts\/10320"}],"collection":[{"href":"https:\/\/www.ecuadoraldia.com.ec\/index.php?rest_route=\/wp\/v2\/posts"}],"about":[{"href":"https:\/\/www.ecuadoraldia.com.ec\/index.php?rest_route=\/wp\/v2\/types\/post"}],"author":[{"embeddable":true,"href":"https:\/\/www.ecuadoraldia.com.ec\/index.php?rest_route=\/wp\/v2\/users\/1"}],"replies":[{"embeddable":true,"href":"https:\/\/www.ecuadoraldia.com.ec\/index.php?rest_route=%2Fwp%2Fv2%2Fcomments&post=10320"}],"version-history":[{"count":2,"href":"https:\/\/www.ecuadoraldia.com.ec\/index.php?rest_route=\/wp\/v2\/posts\/10320\/revisions"}],"predecessor-version":[{"id":10323,"href":"https:\/\/www.ecuadoraldia.com.ec\/index.php?rest_route=\/wp\/v2\/posts\/10320\/revisions\/10323"}],"wp:attachment":[{"href":"https:\/\/www.ecuadoraldia.com.ec\/index.php?rest_route=%2Fwp%2Fv2%2Fmedia&parent=10320"}],"wp:term":[{"taxonomy":"category","embeddable":true,"href":"https:\/\/www.ecuadoraldia.com.ec\/index.php?rest_route=%2Fwp%2Fv2%2Fcategories&post=10320"},{"taxonomy":"post_tag","embeddable":true,"href":"https:\/\/www.ecuadoraldia.com.ec\/index.php?rest_route=%2Fwp%2Fv2%2Ftags&post=10320"}],"curies":[{"name":"wp","href":"https:\/\/api.w.org\/{rel}","templated":true}]}}