{"id":10324,"date":"2015-09-07T17:17:44","date_gmt":"2015-09-07T17:17:44","guid":{"rendered":"http:\/\/www.ecuadoraldia.com.ec\/?p=10324"},"modified":"2015-09-07T17:17:44","modified_gmt":"2015-09-07T17:17:44","slug":"continua-reconstruccion-de-hechos-por-30-s","status":"publish","type":"post","link":"https:\/\/www.ecuadoraldia.com.ec\/?p=10324","title":{"rendered":"Contin\u00faa  reconstrucci\u00f3n de hechos por 30-S"},"content":{"rendered":"<figure id=\"attachment_10325\" aria-describedby=\"caption-attachment-10325\" style=\"width: 261px\" class=\"wp-caption alignleft\"><a href=\"http:\/\/www.ecuadoraldia.com.ec\/wp-content\/uploads\/2015\/09\/PRESIDENTE-RAFAEL.jpg\"><img loading=\"lazy\" decoding=\"async\" class=\"size-full wp-image-10325\" src=\"http:\/\/www.ecuadoraldia.com.ec\/wp-content\/uploads\/2015\/09\/PRESIDENTE-RAFAEL.jpg\" alt=\"ACT PRESIDENTE RAFAEL CORREA EN RECONSTRUCCION DE LOS HECHOS DEL 30S. DANIEL MOLINEROS \/ EL TELEGRAFO\" width=\"261\" height=\"174\" \/><\/a><figcaption id=\"caption-attachment-10325\" class=\"wp-caption-text\">\u00a0RAFAEL CORREA EN RECONSTRUCCION DE LOS HECHOS DEL \u00a030 s<\/figcaption><\/figure>\n<p style=\"text-align: justify;\">La Fiscal\u00eda realiza las investigaciones de oficio por el presunto delito de plagio al presidente Rafael Correa.<\/p>\n<p style=\"text-align: justify;\">Las diligencias, encaminadas por el fiscal Fabi\u00e1n Salazar, se llevan a cabo en el Regimiento Quito, en donde para hoy est\u00e1n convocados 8 generales, quienes en 2010 estuvieron al frente de la Polic\u00eda, ahora se encuentran en servicio pasivo. Tambi\u00e9n participan 8 peritos venezolanos.<\/p>\n<p style=\"text-align: justify;\">En total, m\u00e1s de 69 funcionarios p\u00fablicos, entre ellos Rommy Vallejo, secretario de Inteligencia; Vinicio Alvarado, secretario de la Administraci\u00f3n P\u00fablica; y el canciller Ricardo Pati\u00f1o, entre otras dignidades, participan en el proceso, que concluir\u00e1 ma\u00f1ana.<\/p>\n<p style=\"text-align: justify;\">\nLa diligencia es simult\u00e1nea a la indagaci\u00f3n, que tambi\u00e9n realiza la entidad por el delito de intento de golpe de Estado.<\/p>\n<p style=\"text-align: justify;\">El viernes pasado, acudi\u00f3 al lugar el presidente Rafael Correa, quien particip\u00f3 de la reconstrucci\u00f3n de los hechos. (El telegrafo)<\/p>\n","protected":false},"excerpt":{"rendered":"<p>La Fiscal\u00eda realiza las investigaciones de oficio por el presunto delito de plagio al presidente Rafael Correa. Las diligencias, encaminadas<\/p>\n","protected":false},"author":1,"featured_media":0,"comment_status":"open","ping_status":"open","sticky":false,"template":"","format":"standard","meta":{"footnotes":""},"categories":[1],"tags":[],"_links":{"self":[{"href":"https:\/\/www.ecuadoraldia.com.ec\/index.php?rest_route=\/wp\/v2\/posts\/10324"}],"collection":[{"href":"https:\/\/www.ecuadoraldia.com.ec\/index.php?rest_route=\/wp\/v2\/posts"}],"about":[{"href":"https:\/\/www.ecuadoraldia.com.ec\/index.php?rest_route=\/wp\/v2\/types\/post"}],"author":[{"embeddable":true,"href":"https:\/\/www.ecuadoraldia.com.ec\/index.php?rest_route=\/wp\/v2\/users\/1"}],"replies":[{"embeddable":true,"href":"https:\/\/www.ecuadoraldia.com.ec\/index.php?rest_route=%2Fwp%2Fv2%2Fcomments&post=10324"}],"version-history":[{"count":1,"href":"https:\/\/www.ecuadoraldia.com.ec\/index.php?rest_route=\/wp\/v2\/posts\/10324\/revisions"}],"predecessor-version":[{"id":10326,"href":"https:\/\/www.ecuadoraldia.com.ec\/index.php?rest_route=\/wp\/v2\/posts\/10324\/revisions\/10326"}],"wp:attachment":[{"href":"https:\/\/www.ecuadoraldia.com.ec\/index.php?rest_route=%2Fwp%2Fv2%2Fmedia&parent=10324"}],"wp:term":[{"taxonomy":"category","embeddable":true,"href":"https:\/\/www.ecuadoraldia.com.ec\/index.php?rest_route=%2Fwp%2Fv2%2Fcategories&post=10324"},{"taxonomy":"post_tag","embeddable":true,"href":"https:\/\/www.ecuadoraldia.com.ec\/index.php?rest_route=%2Fwp%2Fv2%2Ftags&post=10324"}],"curies":[{"name":"wp","href":"https:\/\/api.w.org\/{rel}","templated":true}]}}