{"id":10330,"date":"2015-09-07T17:28:24","date_gmt":"2015-09-07T17:28:24","guid":{"rendered":"http:\/\/www.ecuadoraldia.com.ec\/?p=10330"},"modified":"2015-09-07T17:28:24","modified_gmt":"2015-09-07T17:28:24","slug":"guatemala-apuesta-por-un-comediante-para-la-presidencia","status":"publish","type":"post","link":"https:\/\/www.ecuadoraldia.com.ec\/?p=10330","title":{"rendered":"Guatemala apuesta por un comediante para la Presidencia"},"content":{"rendered":"<p style=\"text-align: justify;\"><a href=\"http:\/\/www.ecuadoraldia.com.ec\/wp-content\/uploads\/2015\/09\/comediante.jpg\"><img loading=\"lazy\" decoding=\"async\" class=\"alignleft size-full wp-image-10331\" src=\"http:\/\/www.ecuadoraldia.com.ec\/wp-content\/uploads\/2015\/09\/comediante.jpg\" alt=\"comediante\" width=\"280\" height=\"192\" \/><\/a>GUATEMALA, EFE. La crisis generada por la corrupci\u00f3n estatal fue el detonante para que los guatemaltecos se volcaran a las urnas y derrotaran el abstencionismo, y con el triunfo del comediante Jimmy Morales en la primera vuelta dieran un golpe de castigo a los pol\u00edticos tradicionales.<\/p>\n<p style=\"text-align: justify;\">A falta de computar el 5% de las 19.582 juntas receptoras de votos, durante la ma\u00f1ana de hoy, 7 de septiembre de 2015, el candidato presidencial del opositor Frente de Convergencia Nacional (FCN-Naci\u00f3n) suma 1.147.645 votos; es decir, el 24,45 % del total de sufragios v\u00e1lidos emitidos.<\/p>\n<p style=\"text-align: justify;\">En estos comicios no solo qued\u00f3 claro que perdi\u00f3 el abstencionismo, sino tambi\u00e9n la corrupci\u00f3n.<br \/>\nLa afluencia de los votantes, seg\u00fan los resultados parciales del escrutinio, puede haber superado el 78%, la cifra m\u00e1s alta en unas elecciones generales desde el retorno a la democracia hace ya 30 a\u00f1os.<br \/>\nY es que muchos sectores no se atrev\u00edan a vaticinar ni siquiera que se iban a celebrar las votaciones por las manifestaciones que se iniciaron desde abril pasado para rechazar la corrupci\u00f3n y a la par pedir la suspensi\u00f3n del proceso electoral.<br \/>\nAcusado de corrupci\u00f3n, Otto P\u00e9rez Molina, militar retirado, se vio obligado a renunciar a la Presidencia la semana pasada y por ahora se encuentra en prisi\u00f3n provisional a la espera de que un juez decida el pr\u00f3ximo martes si lo liga o no a un proceso judicial por los delitos de asociaci\u00f3n il\u00edcita, caso especial de defraudaci\u00f3n aduanera y cohecho pasivo.<\/p>\n<p style=\"text-align: justify;\">\nSu vicepresidenta, Roxana Baldetti, que tambi\u00e9n renunci\u00f3 al cargo el 8 de mayo pasado, ya fue acusada de esos delitos por el Ministerio P\u00fablico (MP) con el respaldo de la Comisi\u00f3n Internacional Contra la Impunidad en Guatemala (CICIG), que el 16 de abril \u00faltimo desmantel\u00f3 la trama de corrupci\u00f3n conocida como \u00abLa L\u00ednea\u00bb.<\/p>\n<p style=\"text-align: justify;\">Y el m\u00e1s favorecido de la crisis pol\u00edtica desatada por las denuncias de corrupci\u00f3n ha sido Jimmy Morales, que sali\u00f3 al ring poco despu\u00e9s de que el Tribunal Supremo Electoral (TSE) convocara a las elecciones generales el 2 de mayo pasado.<\/p>\n","protected":false},"excerpt":{"rendered":"<p>GUATEMALA, EFE. La crisis generada por la corrupci\u00f3n estatal fue el detonante para que los guatemaltecos se volcaran a las<\/p>\n","protected":false},"author":1,"featured_media":0,"comment_status":"open","ping_status":"open","sticky":false,"template":"","format":"standard","meta":{"footnotes":""},"categories":[7],"tags":[],"_links":{"self":[{"href":"https:\/\/www.ecuadoraldia.com.ec\/index.php?rest_route=\/wp\/v2\/posts\/10330"}],"collection":[{"href":"https:\/\/www.ecuadoraldia.com.ec\/index.php?rest_route=\/wp\/v2\/posts"}],"about":[{"href":"https:\/\/www.ecuadoraldia.com.ec\/index.php?rest_route=\/wp\/v2\/types\/post"}],"author":[{"embeddable":true,"href":"https:\/\/www.ecuadoraldia.com.ec\/index.php?rest_route=\/wp\/v2\/users\/1"}],"replies":[{"embeddable":true,"href":"https:\/\/www.ecuadoraldia.com.ec\/index.php?rest_route=%2Fwp%2Fv2%2Fcomments&post=10330"}],"version-history":[{"count":1,"href":"https:\/\/www.ecuadoraldia.com.ec\/index.php?rest_route=\/wp\/v2\/posts\/10330\/revisions"}],"predecessor-version":[{"id":10332,"href":"https:\/\/www.ecuadoraldia.com.ec\/index.php?rest_route=\/wp\/v2\/posts\/10330\/revisions\/10332"}],"wp:attachment":[{"href":"https:\/\/www.ecuadoraldia.com.ec\/index.php?rest_route=%2Fwp%2Fv2%2Fmedia&parent=10330"}],"wp:term":[{"taxonomy":"category","embeddable":true,"href":"https:\/\/www.ecuadoraldia.com.ec\/index.php?rest_route=%2Fwp%2Fv2%2Fcategories&post=10330"},{"taxonomy":"post_tag","embeddable":true,"href":"https:\/\/www.ecuadoraldia.com.ec\/index.php?rest_route=%2Fwp%2Fv2%2Ftags&post=10330"}],"curies":[{"name":"wp","href":"https:\/\/api.w.org\/{rel}","templated":true}]}}