{"id":10333,"date":"2015-09-08T12:24:33","date_gmt":"2015-09-08T12:24:33","guid":{"rendered":"http:\/\/www.ecuadoraldia.com.ec\/?p=10333"},"modified":"2015-09-08T12:24:33","modified_gmt":"2015-09-08T12:24:33","slug":"dos-bomberos-murieron-mientras-combatian-incendio-en-puembo","status":"publish","type":"post","link":"https:\/\/www.ecuadoraldia.com.ec\/?p=10333","title":{"rendered":"Dos bomberos murieron mientras combat\u00edan incendio en Puembo"},"content":{"rendered":"<p style=\"text-align: justify;\"><a href=\"http:\/\/www.ecuadoraldia.com.ec\/wp-content\/uploads\/2015\/09\/incendio-quito-1.jpg\"><img loading=\"lazy\" decoding=\"async\" class=\"alignleft size-full wp-image-10334\" src=\"http:\/\/www.ecuadoraldia.com.ec\/wp-content\/uploads\/2015\/09\/incendio-quito-1.jpg\" alt=\"-incendio-quito-1\" width=\"253\" height=\"212\" \/><\/a>Jonathan David Nasimba y Jonathan Pa\u00fal V\u00e1squez, de 19 y 20 a\u00f1os, respectivamente, murieron mientras participaban en las labores de combate del incendio forestal registrado en la parroquia Puembo, al nororiente de la capital. Los j\u00f3venes pertenec\u00edan al grupo de cadetes aspirantes al Cuerpo de Bomberos.<\/p>\n<p style=\"text-align: justify;\">Otros 3 bomberos resultaron heridos en el incendio, dos de los cuales permanecen con pron\u00f3stico reservado, seg\u00fan inform\u00f3 el alcalde de Quito, Mauricio Rodas. El funcionario anunci\u00f3 que presentar\u00e1 una denuncia ante la Fiscal\u00eda para que investigue el siniestro que, seg\u00fan dijo, fue provocado.<\/p>\n<p style=\"text-align: justify;\">Tambi\u00e9n inform\u00f3 que las Estaciones del Cuerpo de Bomberos ubicados en Nanegalito y el Parque Bicentenario ser\u00e1n bautizados con los nombres de los \u00abh\u00e9roes\u00bb que perecieron cumpliendo su labor.<\/p>\n<p style=\"text-align: justify;\">\nDos de los heridos se encuentran en la Nova Cl\u00ednica Santa Cecilia, ubicada en el centro-norte capitalino. Los bomberos ingresaron la tarde del lunes a trav\u00e9s de emergencias. De acuerdo con el Municipio se tratar\u00eda del capit\u00e1n Zapata, quien presentaba quemaduras en las v\u00edas a\u00e9reas y un traumatismo en el hombro, y el suboficial Parra, quien tiene un trauma ocular. Personal de la casa de salud, se\u00f1al\u00f3 que el estado de los internos era estable y se los mantendr\u00eda en observacion.<\/p>\n<p style=\"text-align: justify;\">\u00c9ber Arroyo, comandante general del Cuerpo de Bomberos de Quito, hizo un importante llamado a los ciudadanos este lunes. \u00abNo m\u00e1s vidas de los bomberos, somos padres, somos hijos, estos incendios forestales cobran vidas\u00bb, afirm\u00f3 conmovido debido al fallecimiento de los dos cadetes.<\/p>\n<p style=\"text-align: justify;\">El incendio se inici\u00f3 aproximadamente a las 13:47 del domingo y a las 09:00 del lunes se anunci\u00f3 que hab\u00eda sido controlado tras 18 horas de ardua labor. Sin embargo, pasado el mediod\u00eda, el viento y el calor hicieron que se reactive. Las llamas han consumido m\u00e1s de 81 hect\u00e1reas.<\/p>\n<p style=\"text-align: justify;\">Alrededor de 100 efectivos del Cuerpo de Bomberos intervienen en la lucha contra el fuego. Tambi\u00e9n un helic\u00f3ptero de la Polic\u00eda y otro del Ej\u00e9rcito colaboraron con descargas de agua.<\/p>\n<p style=\"text-align: justify;\">Cristian Rivera, director del COE Metropolitano, se\u00f1al\u00f3 que hay afectaci\u00f3n a la vida silvestre de la zona, considerada como reserva ecol\u00f3gica y santuario de aves. Indic\u00f3 que en un recorrido que realizaron las autoridades se evidenci\u00f3 varios roedores y aves calcinadas.<\/p>\n<p style=\"text-align: justify;\">En la zona funcion\u00f3 hace m\u00e1s de 50 a\u00f1os un ingenio azucarero privado. \u00abLa p\u00e9rdida es hist\u00f3rica, porque los trapiches est\u00e1n quemados y destruidos\u00bb, dijo Rivera.<\/p>\n<p style=\"text-align: justify;\">Al momento, los principales afectados viven en las ciudadelas &#8216;El Ingenio&#8217; y &#8216;Arrayanes&#8217;, ubicadas en la ladera donde el fuego logr\u00f3 avanzar desde que inici\u00f3 en Mangaguanta. (El telegrafo)<\/p>\n","protected":false},"excerpt":{"rendered":"<p>Jonathan David Nasimba y Jonathan Pa\u00fal V\u00e1squez, de 19 y 20 a\u00f1os, respectivamente, murieron mientras participaban en las labores de<\/p>\n","protected":false},"author":1,"featured_media":0,"comment_status":"open","ping_status":"open","sticky":false,"template":"","format":"standard","meta":{"footnotes":""},"categories":[1],"tags":[],"_links":{"self":[{"href":"https:\/\/www.ecuadoraldia.com.ec\/index.php?rest_route=\/wp\/v2\/posts\/10333"}],"collection":[{"href":"https:\/\/www.ecuadoraldia.com.ec\/index.php?rest_route=\/wp\/v2\/posts"}],"about":[{"href":"https:\/\/www.ecuadoraldia.com.ec\/index.php?rest_route=\/wp\/v2\/types\/post"}],"author":[{"embeddable":true,"href":"https:\/\/www.ecuadoraldia.com.ec\/index.php?rest_route=\/wp\/v2\/users\/1"}],"replies":[{"embeddable":true,"href":"https:\/\/www.ecuadoraldia.com.ec\/index.php?rest_route=%2Fwp%2Fv2%2Fcomments&post=10333"}],"version-history":[{"count":1,"href":"https:\/\/www.ecuadoraldia.com.ec\/index.php?rest_route=\/wp\/v2\/posts\/10333\/revisions"}],"predecessor-version":[{"id":10335,"href":"https:\/\/www.ecuadoraldia.com.ec\/index.php?rest_route=\/wp\/v2\/posts\/10333\/revisions\/10335"}],"wp:attachment":[{"href":"https:\/\/www.ecuadoraldia.com.ec\/index.php?rest_route=%2Fwp%2Fv2%2Fmedia&parent=10333"}],"wp:term":[{"taxonomy":"category","embeddable":true,"href":"https:\/\/www.ecuadoraldia.com.ec\/index.php?rest_route=%2Fwp%2Fv2%2Fcategories&post=10333"},{"taxonomy":"post_tag","embeddable":true,"href":"https:\/\/www.ecuadoraldia.com.ec\/index.php?rest_route=%2Fwp%2Fv2%2Ftags&post=10333"}],"curies":[{"name":"wp","href":"https:\/\/api.w.org\/{rel}","templated":true}]}}