{"id":10339,"date":"2015-09-08T22:41:47","date_gmt":"2015-09-08T22:41:47","guid":{"rendered":"http:\/\/www.ecuadoraldia.com.ec\/?p=10339"},"modified":"2015-09-08T22:50:20","modified_gmt":"2015-09-08T22:50:20","slug":"despiden-a-una-camarografa-hungara-por-golpear-a-refugiados-sirios","status":"publish","type":"post","link":"https:\/\/www.ecuadoraldia.com.ec\/?p=10339","title":{"rendered":"Despiden a una camar\u00f3grafa h\u00fangara por golpear a refugiados sirios"},"content":{"rendered":"<p><a href=\"http:\/\/www.ecuadoraldia.com.ec\/wp-content\/uploads\/2015\/09\/petra-laszlo.jpg\"><img loading=\"lazy\" decoding=\"async\" class=\"size-medium wp-image-10340\" src=\"http:\/\/www.ecuadoraldia.com.ec\/wp-content\/uploads\/2015\/09\/petra-laszlo-300x193.jpg\" alt=\"?????????????????????????????????????????????????????????\" width=\"300\" height=\"193\" srcset=\"https:\/\/www.ecuadoraldia.com.ec\/wp-content\/uploads\/2015\/09\/petra-laszlo-300x193.jpg 300w, https:\/\/www.ecuadoraldia.com.ec\/wp-content\/uploads\/2015\/09\/petra-laszlo.jpg 303w\" sizes=\"(max-width: 300px) 100vw, 300px\" \/><\/a><\/p>\n<p>La escena tiene todos los elementos que completan el cuadro de la enorme crisis de refugiados que golpea Europa.<\/p>\n<p style=\"text-align: justify;\">Este martes por la tarde, cientos de familias sirias intentaron sortear un cord\u00f3n policial en la ciudad de R\u00f6szke, en Hungr\u00eda, cerca de la frontera con Serbia, para cumplir el anhelado sue\u00f1o alem\u00e1n, el destino predilecto de los que huyen de la guerra en sus pa\u00edses.<\/p>\n<p style=\"text-align: justify;\">Sin embargo, los refugiados no s\u00f3lo deben huir de los gases lacrim\u00f3genos de la polic\u00eda: en este caso, tambi\u00e9n tienen que esquivar a los periodistas.<\/p>\n<p style=\"text-align: justify;\">Una camar\u00f3grafa identificada como Petra L\u00e1zl\u00f3, del canal N1TV, fue filmada por el periodista alem\u00e1n Stephan Richter cuando hace una zancadilla a un hombre que corre desesperado con su hijo en brazos.<\/p>\n<p>https:\/\/youtu.be\/uJu6X0Zy6sg<\/p>\n<p style=\"text-align: justify;\">Christopher Catrambone, el millonario que dej\u00f3 todo y se mud\u00f3 al Mediterr\u00e1neo para ayudar a los refugiados<br \/>\nCrisis migratoria: qu\u00e9 hacen los pa\u00edses de Am\u00e9rica Latina por los refugiados sirios<br \/>\nA las pocas horas de que la indignaci\u00f3n recorriera las redes sociales, se difundi\u00f3 otro video en el que L\u00e1szl\u00f3 patea a una ni\u00f1a siria mientras \u00e9sta escapa del control policial.<\/p>\n<p style=\"text-align: justify;\">De acuerdo con informaci\u00f3n divulgada en Facebook por parte del canal de noticias, la reportera ha sido despedida. Por el momento, la mujer no ha hecho declaraciones al respecto.<\/p>\n<p style=\"text-align: justify;\"><a href=\"http:\/\/www.ecuadoraldia.com.ec\/wp-content\/uploads\/2015\/09\/sumario_normal.gif\"><img loading=\"lazy\" decoding=\"async\" class=\"alignleft size-medium wp-image-10342\" src=\"http:\/\/www.ecuadoraldia.com.ec\/wp-content\/uploads\/2015\/09\/sumario_normal-300x169.gif\" alt=\"sumario_normal\" width=\"300\" height=\"169\" \/><\/a>&lt;iframe src=&#8217;http:\/\/coub.com\/embed\/82ao5&#8242; width=&#8217;640&#8242; height=&#8217;360&#8242;&gt;&lt;\/iframe&gt;<\/p>\n","protected":false},"excerpt":{"rendered":"<p>La escena tiene todos los elementos que completan el cuadro de la enorme crisis de refugiados que golpea Europa. Este<\/p>\n","protected":false},"author":1,"featured_media":0,"comment_status":"open","ping_status":"open","sticky":false,"template":"","format":"standard","meta":{"footnotes":""},"categories":[7],"tags":[],"_links":{"self":[{"href":"https:\/\/www.ecuadoraldia.com.ec\/index.php?rest_route=\/wp\/v2\/posts\/10339"}],"collection":[{"href":"https:\/\/www.ecuadoraldia.com.ec\/index.php?rest_route=\/wp\/v2\/posts"}],"about":[{"href":"https:\/\/www.ecuadoraldia.com.ec\/index.php?rest_route=\/wp\/v2\/types\/post"}],"author":[{"embeddable":true,"href":"https:\/\/www.ecuadoraldia.com.ec\/index.php?rest_route=\/wp\/v2\/users\/1"}],"replies":[{"embeddable":true,"href":"https:\/\/www.ecuadoraldia.com.ec\/index.php?rest_route=%2Fwp%2Fv2%2Fcomments&post=10339"}],"version-history":[{"count":4,"href":"https:\/\/www.ecuadoraldia.com.ec\/index.php?rest_route=\/wp\/v2\/posts\/10339\/revisions"}],"predecessor-version":[{"id":10346,"href":"https:\/\/www.ecuadoraldia.com.ec\/index.php?rest_route=\/wp\/v2\/posts\/10339\/revisions\/10346"}],"wp:attachment":[{"href":"https:\/\/www.ecuadoraldia.com.ec\/index.php?rest_route=%2Fwp%2Fv2%2Fmedia&parent=10339"}],"wp:term":[{"taxonomy":"category","embeddable":true,"href":"https:\/\/www.ecuadoraldia.com.ec\/index.php?rest_route=%2Fwp%2Fv2%2Fcategories&post=10339"},{"taxonomy":"post_tag","embeddable":true,"href":"https:\/\/www.ecuadoraldia.com.ec\/index.php?rest_route=%2Fwp%2Fv2%2Ftags&post=10339"}],"curies":[{"name":"wp","href":"https:\/\/api.w.org\/{rel}","templated":true}]}}