{"id":10347,"date":"2015-09-09T12:50:16","date_gmt":"2015-09-09T12:50:16","guid":{"rendered":"http:\/\/www.ecuadoraldia.com.ec\/?p=10347"},"modified":"2015-09-09T12:50:16","modified_gmt":"2015-09-09T12:50:16","slug":"la-dupla-bolanos-martinez-resulto-efectiva-en-el-partido-amistoso-ante-honduras","status":"publish","type":"post","link":"https:\/\/www.ecuadoraldia.com.ec\/?p=10347","title":{"rendered":"La dupla Bola\u00f1os-Mart\u00ednez result\u00f3 efectiva en el partido amistoso ante Honduras"},"content":{"rendered":"<figure id=\"attachment_10348\" aria-describedby=\"caption-attachment-10348\" style=\"width: 282px\" class=\"wp-caption alignleft\"><a href=\"http:\/\/www.ecuadoraldia.com.ec\/wp-content\/uploads\/2015\/09\/09-09-15-ECUHONDU-6.jpg\"><img loading=\"lazy\" decoding=\"async\" class=\"size-full wp-image-10348\" src=\"http:\/\/www.ecuadoraldia.com.ec\/wp-content\/uploads\/2015\/09\/09-09-15-ECUHONDU-6.jpg\" alt=\"ECUADOR VS HONDURAS\" width=\"282\" height=\"292\" \/><\/a><figcaption id=\"caption-attachment-10348\" class=\"wp-caption-text\">ECUADOR VS HONDURAS<\/figcaption><\/figure>\n<p style=\"text-align: justify;\">Miller recibi\u00f3 el bal\u00f3n de Fidel y&#8230; \u00a1Goool! Ecuador se pon\u00eda en ventaja 2-0. El segundo tanto, el que sell\u00f3 la victoria de la \u2018Tri\u2019 sobre Honduras, ayer, en el estadio Ol\u00edmpico Atahualpa de Quito, se gener\u00f3 en una complicidad que comenz\u00f3 en 2007 cuando ambos, Bola\u00f1os y Mart\u00ednez, formaron parte de la Selecci\u00f3n Ecuatoriana Sub-17.<\/p>\n<p style=\"text-align: justify;\">El cotejo de ayer, especialmente el primer tiempo, evidenci\u00f3 un estilo diferente, un juego con m\u00e1s toque, m\u00e1s vistoso, ideal para hombres como Miller y Fidel, quienes con sus gambetas le dan alegr\u00eda al f\u00fatbol.<\/p>\n<p style=\"text-align: justify;\">El encuentro contra Honduras le permiti\u00f3 a Bola\u00f1os convertir su quinta anotaci\u00f3n con la camiseta de la \u2018Tricolor\u2019 absoluta y le encamina a consolidarse como una de las principales armas de Quinteros. La progresi\u00f3n de este exponente, sin chance en la era del timonel colombiano Reinaldo Rueda, ha sido r\u00e1pida y deber\u00eda dar mucho de qu\u00e9 hablar en las eliminatorias.<\/p>\n<p style=\"text-align: justify;\">Ecuador cierra de esta manera parte de su preparaci\u00f3n previa al premundial, cuyo camino comenzar\u00e1 el pr\u00f3ximo 8 de octubre en el estadio Monumental de Buenos Aires frente a Argentina y continuar\u00e1 el 13 de ese mes en Quito, frente a Bolivia. El duelo contra el plantel centroamericano es el \u00fanico comprobatorio que consigui\u00f3 la Federaci\u00f3n Ecuatoriana de F\u00fatbol (FEF).<\/p>\n<p style=\"text-align: justify;\">Quinteros, satisfecho con los regresos a la \u2018Tri\u2019<\/p>\n<p style=\"text-align: justify;\">Quinteros tambi\u00e9n destac\u00f3 el trabajo de presi\u00f3n que hizo la selecci\u00f3n nacional para provocar el error en la salida de los hondure\u00f1os. Esa labor estuvo a cargo de los delanteros Fidel Mart\u00ednez y Miller Bola\u00f1os, y de los volantes por fuera, Valencia y Arroyo. (I) Deportes<br \/>\n. El tel\u00e9grafo<\/p>\n","protected":false},"excerpt":{"rendered":"<p>Miller recibi\u00f3 el bal\u00f3n de Fidel y&#8230; \u00a1Goool! Ecuador se pon\u00eda en ventaja 2-0. El segundo tanto, el que sell\u00f3<\/p>\n","protected":false},"author":1,"featured_media":0,"comment_status":"open","ping_status":"open","sticky":false,"template":"","format":"standard","meta":{"footnotes":""},"categories":[10],"tags":[],"_links":{"self":[{"href":"https:\/\/www.ecuadoraldia.com.ec\/index.php?rest_route=\/wp\/v2\/posts\/10347"}],"collection":[{"href":"https:\/\/www.ecuadoraldia.com.ec\/index.php?rest_route=\/wp\/v2\/posts"}],"about":[{"href":"https:\/\/www.ecuadoraldia.com.ec\/index.php?rest_route=\/wp\/v2\/types\/post"}],"author":[{"embeddable":true,"href":"https:\/\/www.ecuadoraldia.com.ec\/index.php?rest_route=\/wp\/v2\/users\/1"}],"replies":[{"embeddable":true,"href":"https:\/\/www.ecuadoraldia.com.ec\/index.php?rest_route=%2Fwp%2Fv2%2Fcomments&post=10347"}],"version-history":[{"count":1,"href":"https:\/\/www.ecuadoraldia.com.ec\/index.php?rest_route=\/wp\/v2\/posts\/10347\/revisions"}],"predecessor-version":[{"id":10349,"href":"https:\/\/www.ecuadoraldia.com.ec\/index.php?rest_route=\/wp\/v2\/posts\/10347\/revisions\/10349"}],"wp:attachment":[{"href":"https:\/\/www.ecuadoraldia.com.ec\/index.php?rest_route=%2Fwp%2Fv2%2Fmedia&parent=10347"}],"wp:term":[{"taxonomy":"category","embeddable":true,"href":"https:\/\/www.ecuadoraldia.com.ec\/index.php?rest_route=%2Fwp%2Fv2%2Fcategories&post=10347"},{"taxonomy":"post_tag","embeddable":true,"href":"https:\/\/www.ecuadoraldia.com.ec\/index.php?rest_route=%2Fwp%2Fv2%2Ftags&post=10347"}],"curies":[{"name":"wp","href":"https:\/\/api.w.org\/{rel}","templated":true}]}}