{"id":10350,"date":"2015-09-09T12:51:53","date_gmt":"2015-09-09T12:51:53","guid":{"rendered":"http:\/\/www.ecuadoraldia.com.ec\/?p=10350"},"modified":"2015-09-09T12:55:26","modified_gmt":"2015-09-09T12:55:26","slug":"ecuador-a-las-puertas-del-primer-juicio-de-repeticion","status":"publish","type":"post","link":"https:\/\/www.ecuadoraldia.com.ec\/?p=10350","title":{"rendered":"Ecuador, a las puertas del primer juicio de repetici\u00f3n"},"content":{"rendered":"<p style=\"text-align: justify;\"><a href=\"http:\/\/www.ecuadoraldia.com.ec\/wp-content\/uploads\/2015\/09\/09-09-15-just-ecuador_a.jpg\"><img loading=\"lazy\" decoding=\"async\" class=\"alignleft size-full wp-image-10360\" src=\"http:\/\/www.ecuadoraldia.com.ec\/wp-content\/uploads\/2015\/09\/09-09-15-just-ecuador_a.jpg\" alt=\"09-09-15-just-ecuador_a\" width=\"292\" height=\"194\" \/><\/a>La Comisi\u00f3n de Justicia de la Asamblea avoc\u00f3 conocimiento de la resoluci\u00f3n del Consejo de Administraci\u00f3n Legislativa (CAL), que solicit\u00f3 que en el plazo de 20 d\u00edas presente un informe que, por primera vez en la historia del pa\u00eds, determine a los responsables de la destituci\u00f3n en diciembre de 2004 de los 27 jueces de la ex Corte Suprema de Justicia y 8 del Tribunal de Garant\u00edas Constitucionales (hoy llamada Corte Constitucional).<\/p>\n<p style=\"text-align: justify;\">Esta acci\u00f3n motiv\u00f3 que los perjudicados acudan a la Corte Interamericana de Derechos Humanos (CorteIDH), la que en 2013, tras analizar el caso, fall\u00f3 a favor de los jueces despedidos de ambos organismos, que incluy\u00f3 el pago de indemnizaciones que sumaron $ 14\u2019376.531.<\/p>\n<p style=\"text-align: justify;\">Por ese motivo, la Asamblea emitir\u00e1 una resoluci\u00f3n para que la Presidenta de la Asamblea Nacional acuda al Procurador General y ejerza el derecho a la repetici\u00f3n que tiene el Estado, con el objeto de recuperar el dinero cancelado por la ilegalidad cometida por los diputados del ex Congreso de 2004.<\/p>\n<p style=\"text-align: justify;\">El Estado asumi\u00f3 el pago de la indemnizaci\u00f3n de $ 12\u2019153.709,39 dispuesto por sentencia de la CorteIDH a favor de los 27 magistrados que interpusieron la queja en ese organismo internacional de justicia.<\/p>\n<p style=\"text-align: justify;\">A la fecha se han realizado 2 pagos de $ 4 millones cada uno y solo falta el tercero, el cual est\u00e1 previsto para abril de 2016. Asimismo, los 8 jueces del Tribunal Constitucional ya recibieron los $ 2\u2019222.822,29, ordenados por la CorteIDH.<\/p>\n<p style=\"text-align: justify;\">El 4 de septiembre, tras recibir el pedido del CAL, la Comisi\u00f3n de Justicia dispuso que la Secretar\u00eda de la Asamblea remita copias certificadas de la convocatoria que el expresidente Guti\u00e9rrez hizo a la sesi\u00f3n del Congreso para tratar esos temas, as\u00ed como tambi\u00e9n las actas de las sesiones donde se trataron estos temas, seg\u00fan dijo a este diario Mauro Andino, titular de la Comisi\u00f3n.<\/p>\n<p style=\"text-align: justify;\">Explic\u00f3 que es necesario identificar qui\u00e9nes fueron los diputados que hicieron las mociones para la destituci\u00f3n: \u201cCu\u00e1ntos votos a favor y los que estuvieron presentes, para a base de ello elaborar un informe y presentarlo al Pleno, para que finalmente la presidenta de la Asamblea pueda presentar la demanda y se ejerza el derecho a la repetici\u00f3n, para recuperar el dinero que el Estado ecuatoriano ha cancelado por ese ilegal, irregular e inconstitucional accionar de los diputados\u201d, dijo.<\/p>\n<p style=\"text-align: justify;\">Andino aclar\u00f3 que se har\u00e1 un juicio de car\u00e1cter administrativo con el objeto de recobrar los m\u00e1s de $ 14 millones. \u201cHay que recordar que el art\u00edculo 71 de la Ley de Garant\u00edas se\u00f1ala que la Corte Provincial es la competente para calificar la demanda y que citar\u00e1 inmediatamente a las personas involucradas, as\u00ed como a la m\u00e1xima autoridad de la Procuradur\u00eda General del Estado, y convocar\u00e1 a una audiencia p\u00fablica que deber\u00e1 realizarse en un plazo m\u00e1ximo de 15 d\u00edas\u201d.<\/p>\n<p style=\"text-align: justify;\">En caso de no pagar al Estado, los implicados en el derecho de repetici\u00f3n ser\u00edan declarados insolventes y \u201cpodr\u00eda generarse entonces un proceso de car\u00e1cter penal dependiendo del caso\u201d, explic\u00f3 Andino(I). El tel\u00e9grafo<\/p>\n","protected":false},"excerpt":{"rendered":"<p>La Comisi\u00f3n de Justicia de la Asamblea avoc\u00f3 conocimiento de la resoluci\u00f3n del Consejo de Administraci\u00f3n Legislativa (CAL), que solicit\u00f3<\/p>\n","protected":false},"author":1,"featured_media":0,"comment_status":"open","ping_status":"open","sticky":false,"template":"","format":"standard","meta":{"footnotes":""},"categories":[1],"tags":[],"_links":{"self":[{"href":"https:\/\/www.ecuadoraldia.com.ec\/index.php?rest_route=\/wp\/v2\/posts\/10350"}],"collection":[{"href":"https:\/\/www.ecuadoraldia.com.ec\/index.php?rest_route=\/wp\/v2\/posts"}],"about":[{"href":"https:\/\/www.ecuadoraldia.com.ec\/index.php?rest_route=\/wp\/v2\/types\/post"}],"author":[{"embeddable":true,"href":"https:\/\/www.ecuadoraldia.com.ec\/index.php?rest_route=\/wp\/v2\/users\/1"}],"replies":[{"embeddable":true,"href":"https:\/\/www.ecuadoraldia.com.ec\/index.php?rest_route=%2Fwp%2Fv2%2Fcomments&post=10350"}],"version-history":[{"count":2,"href":"https:\/\/www.ecuadoraldia.com.ec\/index.php?rest_route=\/wp\/v2\/posts\/10350\/revisions"}],"predecessor-version":[{"id":10361,"href":"https:\/\/www.ecuadoraldia.com.ec\/index.php?rest_route=\/wp\/v2\/posts\/10350\/revisions\/10361"}],"wp:attachment":[{"href":"https:\/\/www.ecuadoraldia.com.ec\/index.php?rest_route=%2Fwp%2Fv2%2Fmedia&parent=10350"}],"wp:term":[{"taxonomy":"category","embeddable":true,"href":"https:\/\/www.ecuadoraldia.com.ec\/index.php?rest_route=%2Fwp%2Fv2%2Fcategories&post=10350"},{"taxonomy":"post_tag","embeddable":true,"href":"https:\/\/www.ecuadoraldia.com.ec\/index.php?rest_route=%2Fwp%2Fv2%2Ftags&post=10350"}],"curies":[{"name":"wp","href":"https:\/\/api.w.org\/{rel}","templated":true}]}}