{"id":10353,"date":"2015-09-09T12:52:57","date_gmt":"2015-09-09T12:52:57","guid":{"rendered":"http:\/\/www.ecuadoraldia.com.ec\/?p=10353"},"modified":"2015-09-09T12:52:57","modified_gmt":"2015-09-09T12:52:57","slug":"el-fuego-destruye-472-hectareas","status":"publish","type":"post","link":"https:\/\/www.ecuadoraldia.com.ec\/?p=10353","title":{"rendered":"El fuego destruye 472 hect\u00e1reas"},"content":{"rendered":"<p style=\"text-align: justify;\"><a href=\"http:\/\/www.ecuadoraldia.com.ec\/wp-content\/uploads\/2015\/09\/incendio1_c25ab0c060dd46d39dc2eb944c7b2f0d.jpg\"><img loading=\"lazy\" decoding=\"async\" class=\"alignleft size-full wp-image-10354\" src=\"http:\/\/www.ecuadoraldia.com.ec\/wp-content\/uploads\/2015\/09\/incendio1_c25ab0c060dd46d39dc2eb944c7b2f0d.jpg\" alt=\"\" width=\"267\" height=\"177\" \/><\/a>Los 2 cadetes fallecidos el lunes fueron velados ayer en una capilla ardiente en el Municipio. Se les concedi\u00f3 el grado post mortem de subtenientes y 2 estaciones de bomberos recibir\u00e1n sus nombres.<\/p>\n<p style=\"text-align: justify;\">El fuego destruye 472 hect\u00e1reas<br \/>\nRedacci\u00f3n Actualidad<\/p>\n<p style=\"text-align: justify;\">Compartieron el cari\u00f1o, el arrojo ante el peligro, la profesi\u00f3n e incluso el riesgo durante el incendio forestal iniciado a las 13:45 del domingo en el sector de Puembo (al nororiente de Quito) y que continuaba hasta la tarde de ayer.<\/p>\n<p style=\"text-align: justify;\">Seg\u00fan quienes lo conocieron, Jonathan Pa\u00fal Dionicio V\u00e1squez (20 a\u00f1os) nunca dud\u00f3 de lo que quer\u00eda ser cuando creciera: bombero, al igual que su padre Henry.<\/p>\n<p style=\"text-align: justify;\">Por eso, en cuanto se gradu\u00f3 del colegio San Jos\u00e9 La Salle qued\u00f3 a la espera de la primera oportunidad para enlistarse en la Escuela de Formaci\u00f3n de Bomberos Mayor Rodrigo Pe\u00f1aherrera.<\/p>\n<p style=\"text-align: justify;\">Ello ocurri\u00f3 hace aproximadamente 8 meses. En el intervalo, y para no quedarse sin hacer nada, Jonathan Pa\u00fal ayudaba a su padre a conducir el veh\u00edculo con el que cubre un recorrido con personal de Fiscal\u00eda General del Estado (FGE).<\/p>\n<p style=\"text-align: justify;\">Quienes fueron sus pasajeros lo describen como un muchacho alegre, responsable, centrado y con objetivos claros en la vida.<\/p>\n<p style=\"text-align: justify;\">Estos planes fueron truncados el lunes \u00faltimo mientras luchaba contra las llamas en la quebrada Huambe, en el barrio Mangahuanta de la parroquia rural.<\/p>\n<p style=\"text-align: justify;\">\nCon el incendio ocurrido en Puembo y los otros 8 de este martes, son m\u00e1s de 1.400 eventos relacionados con fuego en el Distrito en la actual \u00e9poca seca.<\/p>\n<p style=\"text-align: justify;\">Se calcula extraoficialmente que unas 81 hect\u00e1reas (ha) han sido afectadas desde el domingo en la parroquia nororiental, con las que suman 472 ha consumidas este a\u00f1o en la capital.<\/p>\n<p style=\"text-align: justify;\">Esto contrasta con los cerca de 1.080 incendios y conatos registrados el a\u00f1o pasado y las casi 300 ha consumidas en ese per\u00edodo.<\/p>\n<p style=\"text-align: justify;\">Los da\u00f1os dejados por el fuego en este a\u00f1o requerir\u00edan de una inversi\u00f3n de $ 1,5 millones, seg\u00fan la secretaria metropolitana de Ambiente, Ver\u00f3nica Arias.<\/p>\n<p style=\"text-align: justify;\">De acuerdo a la instituci\u00f3n, las llamas han afectado el h\u00e1bitat de unas 25 especies de mam\u00edferos, aves, reptiles, anfibios e insectos al consumir pastizales, pajonales, zonas de arbustos y bosques.<\/p>\n<p style=\"text-align: justify;\">El ministro del Interior, Jos\u00e9 Serrano, inform\u00f3 v\u00eda Twitter que se activ\u00f3 el plan de recompensas para dar con los responsables de los incendios. Se ofrecen $ 50 mil por informaci\u00f3n que permita la captura de los implicados. (I). El tel\u00e9grafo<\/p>\n","protected":false},"excerpt":{"rendered":"<p>Los 2 cadetes fallecidos el lunes fueron velados ayer en una capilla ardiente en el Municipio. Se les concedi\u00f3 el<\/p>\n","protected":false},"author":1,"featured_media":0,"comment_status":"open","ping_status":"open","sticky":false,"template":"","format":"standard","meta":{"footnotes":""},"categories":[14],"tags":[],"_links":{"self":[{"href":"https:\/\/www.ecuadoraldia.com.ec\/index.php?rest_route=\/wp\/v2\/posts\/10353"}],"collection":[{"href":"https:\/\/www.ecuadoraldia.com.ec\/index.php?rest_route=\/wp\/v2\/posts"}],"about":[{"href":"https:\/\/www.ecuadoraldia.com.ec\/index.php?rest_route=\/wp\/v2\/types\/post"}],"author":[{"embeddable":true,"href":"https:\/\/www.ecuadoraldia.com.ec\/index.php?rest_route=\/wp\/v2\/users\/1"}],"replies":[{"embeddable":true,"href":"https:\/\/www.ecuadoraldia.com.ec\/index.php?rest_route=%2Fwp%2Fv2%2Fcomments&post=10353"}],"version-history":[{"count":1,"href":"https:\/\/www.ecuadoraldia.com.ec\/index.php?rest_route=\/wp\/v2\/posts\/10353\/revisions"}],"predecessor-version":[{"id":10355,"href":"https:\/\/www.ecuadoraldia.com.ec\/index.php?rest_route=\/wp\/v2\/posts\/10353\/revisions\/10355"}],"wp:attachment":[{"href":"https:\/\/www.ecuadoraldia.com.ec\/index.php?rest_route=%2Fwp%2Fv2%2Fmedia&parent=10353"}],"wp:term":[{"taxonomy":"category","embeddable":true,"href":"https:\/\/www.ecuadoraldia.com.ec\/index.php?rest_route=%2Fwp%2Fv2%2Fcategories&post=10353"},{"taxonomy":"post_tag","embeddable":true,"href":"https:\/\/www.ecuadoraldia.com.ec\/index.php?rest_route=%2Fwp%2Fv2%2Ftags&post=10353"}],"curies":[{"name":"wp","href":"https:\/\/api.w.org\/{rel}","templated":true}]}}